{"id":6582,"date":"2023-10-27T14:00:39","date_gmt":"2023-10-27T12:00:39","guid":{"rendered":"https:\/\/paulmelian.de\/blog\/?p=6582"},"modified":"2024-02-15T18:49:04","modified_gmt":"2024-02-15T16:49:04","slug":"recidiva","status":"publish","type":"post","link":"https:\/\/paulmelian.de\/blog\/?p=6582","title":{"rendered":"Recidiv\u0103 (b)ovin\u0103"},"content":{"rendered":"<p>Adrian Papahagi recicleaz\u0103 nu demult <a href=\"https:\/\/www.facebook.com\/adrian.papahagi\/posts\/pfbid02m89NbNdnAMTvKVre8phxVovD3tLb3ubHDbs473eutygYRSBWsdTGyXpRcX1XJcpZl?__cft__[0]=AZUOxCKEN4rC-7i0HJzBStU1PnsXRbr8lthP52L3tVUvWan8npZbBefdP8QvO3JbxvFZYrjOw5PDe1G6PeVlK6e81HoX-OquVLMNCtPHzdqfhdTWgEWM9KO9oOMaTpesDwPmbfQc9T4dAZpS9XCrhxxLObx89MxwAHBomghUYsLraxaj8hfrMRtIGXcE_8zJLho&#038;__tn__=-UK-R\">o postare<\/a> mai veche \u00een care \u00eencadreaz\u0103 putinismul \u00een categoria \u201cst\u00e2nga na\u0163ional-socialist\u0103\u201d. Asta mai treac\u0103-mearg\u0103, ve\u0163i spune poate, c\u00e2t\u0103 vreme nu se refer\u0103 la nazismul german. P\u0103i, o face \u015fi pe asta! Chiar dac\u0103 nu at\u00e2t de pe fa\u0163\u0103, dar f\u0103r\u0103 echivoc, dup\u0103 cum pute\u0163i citi <a href=\"https:\/\/stiripentruviata.ro\/adrian-papahagi-romania-nu-are-nevoie-nici-de-ideologia-nationalista-nici-de-agitatia-progresista-una-nu-o-anuleaza-pe-cealalta-ci-se-alimenteaza-reciproc\/\">aici<\/a>.<br \/>\nAfirma\u0163ia potrivit c\u0103reia na\u0163ional-socialismul german ar fi fost \u201cde st\u00e2nga\u201d, \u00eent\u00e2lnit\u0103 mai nou nu numai la comentatorii platformei \u00ceLD, ci chiar \u015fi \u00een cercurile politice conservatoare din Parlamentul European, este o inep\u0163ie. Nu poate fi considerat\u0103 dec\u00e2t ca o \u00eencercare de a discredita \u00een mod deliberat curentele de st\u00e2nga.<!--more--><\/p>\n<p>Cu toate c\u0103 principalele deziderate ale \u201cSt\u00e2ngii\u201d, egalitatea \u00een drepturi \u015fi echitatea social\u0103, au fost adesea, \u00een decursul istoriei, pervertite sau chiar tr\u0103date, ele au r\u0103mas m\u0103car ca idealuri \u00een orice doctrin\u0103 de st\u00e2nga. Nici m\u0103car Stalin nu s-a atins pe fa\u0163\u0103 de ele, cu toate c\u0103 le-a c\u0103lcat \u00een picioare cu non\u015falan\u0163\u0103.<br \/>\nNa\u0163ional-socialismul german a propagat de la bun \u00eenceput \u015fi f\u0103r\u0103 echivoc tocmai contrariul, stigmatiz\u00e2nd p\u0103turi sociale, grup\u0103ri etnice sau popoare \u00eentregi \u015fi chiar legitim\u00e2nd eliminarea lor fizic\u0103. Nu se poate concepe, din punct de vedere ideologic, nicio diferen\u0163\u0103 mai mare \u00eentre cele dou\u0103 doctrine dec\u00e2t aceasta. Nazismul german, ca \u015fi fascismul \u00een general, a fost o doctrin\u0103 de extrem\u0103 dreapt\u0103.<br \/>\nTot pe linia denigr\u0103rii \u201cst\u00e2ngii\u201d, tot ce nu convine din punct de vedere ideologic este asociat de domnia sa, f\u0103r\u0103 nicio justificare, cu marxismul sau calificat cu un altfel de \u2013ism, dup\u0103 cum dovedesc invectivele adresate mai tuturor partidelor, guvernelor \u015fi mi\u015fc\u0103rilor democratice din Europa \u015fi din SUA: \u201cprogresism(=regresism)\u201d, \u201cneomarxism\u201d, \u201cecomarxism\u201d, \u201c\u00eenc\u0103lzism\u201d, \u201csexomarxism\u201d, \u201ceuropenism\u201d, \u201cpompierism\u201d, \u201crelativism\u201d, deconstructivism, \u201cantiortodoxism\u201d, \u201cradicalism\u201d, \u201cinfantilism\u201d, \u201ccarierism\u201d, \u201cmimetism\u201d, \u201cvictimism\u201d, \u201cconformism mic-burghez\u201d, \u201cfeminism\u201d  \u015fi \u201cgenderism\u201d.<br \/>\n(C\u00e2nd se enerveaz\u0103 de-a binelea, Adrian Papahagi uit\u0103 de buna cre\u015ftere care i-a fost dat\u0103 sau de a sa \u201csuperioritate genealogic\u0103\u201d \u015fi se coboar\u0103 la nivelul unor \u201ctanti pung\u0103 de plastic \u0219i nea ciorapi \u00een sandale\u201d, ca s\u0103 \u201ccure\u0163e haznaua\u201d.) Iar c\u00e2nd i se termin\u0103 epitetele simple, mitraliaz\u0103 cu combina\u0163ii nu mai pu\u0163in pline de fiere:  atac la masculinitate, poli\u021bia g\u00e2ndirii, terorism intelectual, culpabilizare ideologic\u0103 (deci selectiv\u0103), cenzur\u0103 &#038; cancel culture, newspeak corect politic, redefinire for\u021bat\u0103 a umanului, conformism punitiv, resentiment normativ, revizionism istoric \u0219i cultural, voma marxisto-lacanian-foucauldian\u0103, mafiot-confiscator, pl\u00e2ng\u0103cios-resentimentar, ideologic-totalitar, p\u0103g\u00e2n-panteist \u015fi kafkian-orwellian.<br \/>\nAm \u00eencercat, la r\u00e2ndul meu, s\u0103 g\u0103sesc ceva, o categorie filosofic\u0103, vreun -ism care s-ar potrivi acestei inventivit\u0103\u0163i debordante c\u00e2nd e vorba de a-\u0163i  denigra adversarul. Singurul lucru care mi-a trecut prin cap a fost \u201cbeh\u0103ism\u201d. Slab\u0103 \u00eencercare! Sau n-am eu talent, sau \u00eemi lipse\u015fte mie doza de ur\u0103 visceral\u0103 care e necesar\u0103 pentru a atinge aceste culmi de crea\u0163ie.<\/p>\n<p><a href=\"https:\/\/i0.wp.com\/paulmelian.de\/blog\/wp-content\/uploads\/2019\/09\/oaie.jpg?ssl=1\"><img data-recalc-dims=\"1\" loading=\"lazy\" decoding=\"async\" data-attachment-id=\"3814\" data-permalink=\"https:\/\/paulmelian.de\/blog\/?attachment_id=3814\" data-orig-file=\"https:\/\/i0.wp.com\/paulmelian.de\/blog\/wp-content\/uploads\/2019\/09\/oaie.jpg?fit=960%2C638&amp;ssl=1\" data-orig-size=\"960,638\" data-comments-opened=\"1\" data-image-meta=\"{&quot;aperture&quot;:&quot;0&quot;,&quot;credit&quot;:&quot;&quot;,&quot;camera&quot;:&quot;&quot;,&quot;caption&quot;:&quot;&quot;,&quot;created_timestamp&quot;:&quot;0&quot;,&quot;copyright&quot;:&quot;&quot;,&quot;focal_length&quot;:&quot;0&quot;,&quot;iso&quot;:&quot;0&quot;,&quot;shutter_speed&quot;:&quot;0&quot;,&quot;title&quot;:&quot;&quot;,&quot;orientation&quot;:&quot;0&quot;}\" data-image-title=\"oaie\" data-image-description=\"\" data-image-caption=\"\" data-large-file=\"https:\/\/i0.wp.com\/paulmelian.de\/blog\/wp-content\/uploads\/2019\/09\/oaie.jpg?fit=640%2C425&amp;ssl=1\" src=\"https:\/\/i0.wp.com\/paulmelian.de\/blog\/wp-content\/uploads\/2019\/09\/oaie.jpg?resize=300%2C199&#038;ssl=1\" alt=\"\" width=\"300\" height=\"199\" class=\"aligncenter size-medium wp-image-3814\" srcset=\"https:\/\/i0.wp.com\/paulmelian.de\/blog\/wp-content\/uploads\/2019\/09\/oaie.jpg?resize=300%2C199&amp;ssl=1 300w, https:\/\/i0.wp.com\/paulmelian.de\/blog\/wp-content\/uploads\/2019\/09\/oaie.jpg?resize=768%2C510&amp;ssl=1 768w, https:\/\/i0.wp.com\/paulmelian.de\/blog\/wp-content\/uploads\/2019\/09\/oaie.jpg?w=960&amp;ssl=1 960w\" sizes=\"auto, (max-width: 300px) 100vw, 300px\" \/><\/a><\/p>\n","protected":false},"excerpt":{"rendered":"<p>Adrian Papahagi recicleaz\u0103 nu demult o postare mai veche \u00een care \u00eencadreaz\u0103 putinismul \u00een categoria \u201cst\u00e2nga na\u0163ional-socialist\u0103\u201d. Asta mai treac\u0103-mearg\u0103, ve\u0163i spune poate, c\u00e2t\u0103 vreme nu se refer\u0103 la nazismul german. P\u0103i, o face \u015fi pe asta! Chiar dac\u0103 nu &hellip; <a href=\"https:\/\/paulmelian.de\/blog\/?p=6582\">Continu\u0103 s\u0103 cite\u0219ti <span class=\"meta-nav\">&rarr;<\/span><\/a><\/p>\n","protected":false},"author":1,"featured_media":0,"comment_status":"open","ping_status":"open","sticky":false,"template":"","format":"standard","meta":{"ngg_post_thumbnail":0,"jetpack_post_was_ever_published":false,"_jetpack_newsletter_access":"","_jetpack_dont_email_post_to_subs":false,"_jetpack_newsletter_tier_id":0,"_jetpack_memberships_contains_paywalled_content":false,"_jetpack_memberships_contains_paid_content":false,"footnotes":"","jetpack_publicize_message":"","jetpack_publicize_feature_enabled":true,"jetpack_social_post_already_shared":true,"jetpack_social_options":{"image_generator_settings":{"template":"highway","default_image_id":0,"font":"","enabled":false},"version":2}},"categories":[8,9,6,14,17],"tags":[],"class_list":["post-6582","post","type-post","status-publish","format-standard","hentry","category-general","category-internautice","category-borituri","category-oameni","category-politica"],"jetpack_publicize_connections":[],"jetpack_featured_media_url":"","jetpack_sharing_enabled":true,"jetpack_shortlink":"https:\/\/wp.me\/s9mZDH-recidiva","jetpack_likes_enabled":true,"jetpack-related-posts":[{"id":2899,"url":"https:\/\/paulmelian.de\/blog\/?p=2899","url_meta":{"origin":6582,"position":0},"title":"Prioritate &#8222;de st\u00e2nga&#8221;","author":"Mihai","date":"30 august 2018","format":false,"excerpt":"Nu v\u0103 speria\u0163i, nu m\u0103 refer de data asta la PSD cu ai s\u0103i Gabriela Fierea, Lingurel Toader, Vasilica Viorica D\u0103ngropi, Slugu\u0163a Vasilescu, Speran\u0163a Clistiru \u015fi, bine\u00een\u0163eles, \u0162arul din Alexandria. Asta din dou\u0103 motive, de\u015fi unul singur ar fi arhisuficient. \u00cen primul r\u00e2nd, PSD este \u201cde st\u00e2nga\u201d cam la fel\u2026","rel":"","context":"\u00cen \u201eGeneral\u201d","block_context":{"text":"General","link":"https:\/\/paulmelian.de\/blog\/?cat=8"},"img":{"alt_text":"","src":"https:\/\/i0.wp.com\/paulmelian.de\/blog\/wp-content\/uploads\/2018\/08\/giratoriu-300x222.jpg?resize=350%2C200","width":350,"height":200},"classes":[]},{"id":263,"url":"https:\/\/paulmelian.de\/blog\/?p=263","url_meta":{"origin":6582,"position":1},"title":"Vangheliada","author":"Mihai","date":"28 noiembrie 2014","format":false,"excerpt":"De data asta nu mai e glum\u0103, proasp\u0103tul fost membru PSD Marian Vanghelie \u00eei declar\u0103 r\u0103zboi lui Ponta: Ponta crede ca pacaleste. Nu mai pacaleste pe nimeni. El o sa vada daca am valoare, daca nu am valoare. Doua saptamani, Victore! Ne masuram valoarea. Nu cred ca mai functioneaza mult.\u2026","rel":"","context":"\u00cen \u201eGeneral\u201d","block_context":{"text":"General","link":"https:\/\/paulmelian.de\/blog\/?cat=8"},"img":{"alt_text":"","src":"","width":0,"height":0},"classes":[]},{"id":213,"url":"https:\/\/paulmelian.de\/blog\/?p=213","url_meta":{"origin":6582,"position":2},"title":"R\u0103ul cel mai mic","author":"Mihai","date":"30 mai 2014","format":false,"excerpt":"Noua alian\u0163\u0103 de tip DA a for\u0163elor \"de dreapta\" este salutat\u0103 de c\u0103tre mul\u0163i speciali\u015fti ca fiind un r\u0103u mic, adic\u0103 un mare bine. Antonescu este dintr-o dat\u0103 v\u0103zut cu al\u0163i ochi dec\u00e2t p\u00e2n\u0103 acuma, ba chiar admirat pentru manevrele sale politice de ultim\u0103 or\u0103. Unii merg chiar at\u00e2t de\u2026","rel":"","context":"\u00cen \u201eDeutsche Erinnerungen \/ Amintiri din Germania\u201d","block_context":{"text":"Deutsche Erinnerungen \/ Amintiri din Germania","link":"https:\/\/paulmelian.de\/blog\/?cat=2"},"img":{"alt_text":"","src":"","width":0,"height":0},"classes":[]},{"id":2450,"url":"https:\/\/paulmelian.de\/blog\/?p=2450","url_meta":{"origin":6582,"position":3},"title":"\u00cen amurgul \u00een\u0163elepciunii, toate umbrele sunt lungi","author":"Mihai","date":"18 decembrie 2017","format":false,"excerpt":"Lunga umbr\u0103 a lui Marx apare de fiecare dat\u0103 c\u00e2nd ne t\u00e2nguim de pacostea adus\u0103 de comunism. Eu cred \u00eens\u0103 c\u0103 Marx s-ar fi r\u0103sucit mai degrab\u0103 \u00een groap\u0103, dac\u0103 ar fi v\u0103zut ce iese din tezele sale. Sau, dac\u0103 ar mai fi tr\u0103it pe vremea revolu\u0163iei din 1917, s-ar\u2026","rel":"","context":"\u00cen \u201eGeneral\u201d","block_context":{"text":"General","link":"https:\/\/paulmelian.de\/blog\/?cat=8"},"img":{"alt_text":"","src":"https:\/\/i0.wp.com\/paulmelian.de\/blog\/wp-content\/uploads\/2017\/12\/lange-schatten-300x203.jpg?resize=350%2C200","width":350,"height":200},"classes":[]},{"id":5411,"url":"https:\/\/paulmelian.de\/blog\/?p=5411","url_meta":{"origin":6582,"position":4},"title":"Scrisoare deschis\u0103","author":"Mihai","date":"22 noiembrie 2020","format":false,"excerpt":"Scrisoare deschis\u0103 C\u0103tre Redac\u0163ia Revistei 22 Doamnelor \u015fi domnilor, am scris un comentariu pe pagina dvs de internet la articolul dlui Andrei Cornea \u201eDeriva radical\u0103\u201d pe care \u00eel redau mai jos: Poate ma repet dar am scris un comentariu la articolul dlui L\u0103zescu \"Alegerile americane provoac\u0103 controverse \u0219i la Bucure\u0219ti\"\u2026","rel":"","context":"\u00cen \u201eGeneral\u201d","block_context":{"text":"General","link":"https:\/\/paulmelian.de\/blog\/?cat=8"},"img":{"alt_text":"","src":"https:\/\/i0.wp.com\/paulmelian.de\/blog\/wp-content\/uploads\/2020\/11\/Screen-Shot-Revista22-22_11_2020-300x227.jpg?resize=350%2C200","width":350,"height":200},"classes":[]},{"id":1747,"url":"https:\/\/paulmelian.de\/blog\/?p=1747","url_meta":{"origin":6582,"position":5},"title":"Vin alegerile","author":"Mihai","date":"2 decembrie 2016","format":false,"excerpt":"Dac\u0103 arunc\u0103m o privire pe lista partidelor politice din Rom\u00e2nia, surpriza e mare. Avem un singur partid \"de st\u00e2nga\", PSD, \u015fi unul de \"centru-st\u00e2nga\", UNPR (care \u00eentre timp a fost \u00eens\u0103 absorbit de PMP, un partid \"de dreapta\"). Restul sunt de \"dreapta\" sau \"centru-dreapta\". Pentru alegerile din 11.12.2016 s-ar putea\u2026","rel":"","context":"\u00cen \u201eGeneral\u201d","block_context":{"text":"General","link":"https:\/\/paulmelian.de\/blog\/?cat=8"},"img":{"alt_text":"psdalde","src":"https:\/\/i0.wp.com\/paulmelian.de\/blog\/wp-content\/uploads\/2016\/12\/PSDAlde-300x225.jpg?resize=350%2C200","width":350,"height":200},"classes":[]}],"post_mailing_queue_ids":[],"_links":{"self":[{"href":"https:\/\/paulmelian.de\/blog\/index.php?rest_route=\/wp\/v2\/posts\/6582","targetHints":{"allow":["GET"]}}],"collection":[{"href":"https:\/\/paulmelian.de\/blog\/index.php?rest_route=\/wp\/v2\/posts"}],"about":[{"href":"https:\/\/paulmelian.de\/blog\/index.php?rest_route=\/wp\/v2\/types\/post"}],"author":[{"embeddable":true,"href":"https:\/\/paulmelian.de\/blog\/index.php?rest_route=\/wp\/v2\/users\/1"}],"replies":[{"embeddable":true,"href":"https:\/\/paulmelian.de\/blog\/index.php?rest_route=%2Fwp%2Fv2%2Fcomments&post=6582"}],"version-history":[{"count":4,"href":"https:\/\/paulmelian.de\/blog\/index.php?rest_route=\/wp\/v2\/posts\/6582\/revisions"}],"predecessor-version":[{"id":6742,"href":"https:\/\/paulmelian.de\/blog\/index.php?rest_route=\/wp\/v2\/posts\/6582\/revisions\/6742"}],"wp:attachment":[{"href":"https:\/\/paulmelian.de\/blog\/index.php?rest_route=%2Fwp%2Fv2%2Fmedia&parent=6582"}],"wp:term":[{"taxonomy":"category","embeddable":true,"href":"https:\/\/paulmelian.de\/blog\/index.php?rest_route=%2Fwp%2Fv2%2Fcategories&post=6582"},{"taxonomy":"post_tag","embeddable":true,"href":"https:\/\/paulmelian.de\/blog\/index.php?rest_route=%2Fwp%2Fv2%2Ftags&post=6582"}],"curies":[{"name":"wp","href":"https:\/\/api.w.org\/{rel}","templated":true}]}}