{"id":6592,"date":"2023-11-02T14:43:36","date_gmt":"2023-11-02T12:43:36","guid":{"rendered":"https:\/\/paulmelian.de\/blog\/?p=6592"},"modified":"2023-11-02T14:43:36","modified_gmt":"2023-11-02T12:43:36","slug":"ewig-aktuell-actualitate-perena","status":"publish","type":"post","link":"https:\/\/paulmelian.de\/blog\/?p=6592","title":{"rendered":"Ewig aktuell \/ Actualitate peren\u0103"},"content":{"rendered":"<p><a href=\"https:\/\/i0.wp.com\/paulmelian.de\/blog\/wp-content\/uploads\/2023\/11\/Brecht.jpg?ssl=1\"><img data-recalc-dims=\"1\" loading=\"lazy\" decoding=\"async\" data-attachment-id=\"6593\" data-permalink=\"https:\/\/paulmelian.de\/blog\/?attachment_id=6593\" data-orig-file=\"https:\/\/i0.wp.com\/paulmelian.de\/blog\/wp-content\/uploads\/2023\/11\/Brecht.jpg?fit=1000%2C500&amp;ssl=1\" data-orig-size=\"1000,500\" data-comments-opened=\"1\" data-image-meta=\"{&quot;aperture&quot;:&quot;0&quot;,&quot;credit&quot;:&quot;&quot;,&quot;camera&quot;:&quot;&quot;,&quot;caption&quot;:&quot;&quot;,&quot;created_timestamp&quot;:&quot;0&quot;,&quot;copyright&quot;:&quot;&quot;,&quot;focal_length&quot;:&quot;0&quot;,&quot;iso&quot;:&quot;0&quot;,&quot;shutter_speed&quot;:&quot;0&quot;,&quot;title&quot;:&quot;&quot;,&quot;orientation&quot;:&quot;0&quot;}\" data-image-title=\"Brecht\" data-image-description=\"\" data-image-caption=\"\" data-large-file=\"https:\/\/i0.wp.com\/paulmelian.de\/blog\/wp-content\/uploads\/2023\/11\/Brecht.jpg?fit=640%2C320&amp;ssl=1\" src=\"https:\/\/i0.wp.com\/paulmelian.de\/blog\/wp-content\/uploads\/2023\/11\/Brecht.jpg?resize=300%2C150&#038;ssl=1\" alt=\"\" width=\"300\" height=\"150\" class=\"aligncenter size-medium wp-image-6593\" srcset=\"https:\/\/i0.wp.com\/paulmelian.de\/blog\/wp-content\/uploads\/2023\/11\/Brecht.jpg?resize=300%2C150&amp;ssl=1 300w, https:\/\/i0.wp.com\/paulmelian.de\/blog\/wp-content\/uploads\/2023\/11\/Brecht.jpg?resize=768%2C384&amp;ssl=1 768w, https:\/\/i0.wp.com\/paulmelian.de\/blog\/wp-content\/uploads\/2023\/11\/Brecht.jpg?w=1000&amp;ssl=1 1000w\" sizes=\"auto, (max-width: 300px) 100vw, 300px\" \/><\/a><\/p>\n","protected":false},"excerpt":{"rendered":"","protected":false},"author":1,"featured_media":0,"comment_status":"open","ping_status":"open","sticky":false,"template":"","format":"standard","meta":{"ngg_post_thumbnail":0,"jetpack_post_was_ever_published":false,"_jetpack_newsletter_access":"","_jetpack_dont_email_post_to_subs":false,"_jetpack_newsletter_tier_id":0,"_jetpack_memberships_contains_paywalled_content":false,"_jetpack_memberships_contains_paid_content":false,"footnotes":"","jetpack_publicize_message":"","jetpack_publicize_feature_enabled":true,"jetpack_social_post_already_shared":true,"jetpack_social_options":{"image_generator_settings":{"template":"highway","default_image_id":0,"font":"","enabled":false},"version":2}},"categories":[2,8,14,16],"tags":[],"class_list":["post-6592","post","type-post","status-publish","format-standard","hentry","category-amintiri-din-germania","category-general","category-oameni","category-platitudini"],"jetpack_publicize_connections":[],"jetpack_featured_media_url":"","jetpack_sharing_enabled":true,"jetpack_shortlink":"https:\/\/wp.me\/p9mZDH-1Ik","jetpack_likes_enabled":true,"jetpack-related-posts":[{"id":6445,"url":"https:\/\/paulmelian.de\/blog\/?p=6445","url_meta":{"origin":6592,"position":0},"title":"Seltsam \/ Ciudat","author":"Mihai","date":"16 iunie 2023","format":false,"excerpt":"","rel":"","context":"\u00cen \u201eDeutsche Erinnerungen \/ Amintiri din Germania\u201d","block_context":{"text":"Deutsche Erinnerungen \/ Amintiri din Germania","link":"https:\/\/paulmelian.de\/blog\/?cat=2"},"img":{"alt_text":"","src":"https:\/\/i0.wp.com\/paulmelian.de\/blog\/wp-content\/uploads\/2023\/06\/Kunstliche-Intelligenz-300x158.jpg?resize=350%2C200&ssl=1","width":350,"height":200},"classes":[]},{"id":1180,"url":"https:\/\/paulmelian.de\/blog\/?p=1180","url_meta":{"origin":6592,"position":1},"title":"Suntem mexicani, palestinieni, sau s\u00e2rbi?","author":"Paul","date":"15 septembrie 2015","format":false,"excerpt":"Acum ne putem alege singuri termenul de compara\u0163ie care ne convine cel mai mult: tocmai am citit c\u0103 Ungaria vrea c\u00e2t de repede un gard de s\u00e2rm\u0103 ghimpat\u0103 \u015fi la grani\u0163a cu Rom\u00e2nia. Iat\u0103, al\u0103turi de alte exemple str\u0103lucite, cum ar fi fosta RDG, Israelul sau chiar SUA, \u00eenc\u0103 unul\u2026","rel":"","context":"\u00cen \u201eDeutsche Erinnerungen \/ Amintiri din Germania\u201d","block_context":{"text":"Deutsche Erinnerungen \/ Amintiri din Germania","link":"https:\/\/paulmelian.de\/blog\/?cat=2"},"img":{"alt_text":"","src":"","width":0,"height":0},"classes":[]},{"id":2441,"url":"https:\/\/paulmelian.de\/blog\/?p=2441","url_meta":{"origin":6592,"position":2},"title":"P\u0103rere","author":"Mihai","date":"18 decembrie 2017","format":false,"excerpt":"Confuzia dintre democra\u0163ie \u015fi populism este cam la fel de stupid\u0103 ca \u015fi cea dintre emanciparea femeii \u015fi feminism, doar c\u0103 mult mai periculoas\u0103.","rel":"","context":"\u00cen \u201eAntifeminismus \/ Antifeminism\u201d","block_context":{"text":"Antifeminismus \/ Antifeminism","link":"https:\/\/paulmelian.de\/blog\/?cat=4"},"img":{"alt_text":"","src":"","width":0,"height":0},"classes":[]},{"id":2952,"url":"https:\/\/paulmelian.de\/blog\/?p=2952","url_meta":{"origin":6592,"position":3},"title":"Teoria alternativ\u0103 a relativit\u0103\u0163ii","author":"Mihai","date":"25 septembrie 2018","format":false,"excerpt":"Karl Valentin (pentru cei mai tineri dintre noi, comic german din prima jum\u0103tate a secolului trecut) ar fi spus: \"Pe vremuri toate erau mai bune. P\u00e2n\u0103 \u015fi viitorul\". Nu te-ai a\u015ftepta la ceva at\u00e2t de profund de la un comic.","rel":"","context":"\u00cen \u201eDeutsche Erinnerungen \/ Amintiri din Germania\u201d","block_context":{"text":"Deutsche Erinnerungen \/ Amintiri din Germania","link":"https:\/\/paulmelian.de\/blog\/?cat=2"},"img":{"alt_text":"","src":"","width":0,"height":0},"classes":[]},{"id":4636,"url":"https:\/\/paulmelian.de\/blog\/?p=4636","url_meta":{"origin":6592,"position":4},"title":"Trick \/ Truc","author":"Mihai","date":"10 mai 2020","format":false,"excerpt":"Du kannst dem eigenen Ich mehr Gewicht verleihen, indem du von dir selbst in der dritten Person redest: ihr seid ja schon zu zweit. === Po\u0163i s\u0103 conferi propriului eu mai mult\u0103 pondere dac\u0103 vorbe\u015fti despre tine la persoana a treia, sunte\u0163i deja \u00een doi. \u00a0","rel":"","context":"\u00cen \u201eDeutsche Erinnerungen \/ Amintiri din Germania\u201d","block_context":{"text":"Deutsche Erinnerungen \/ Amintiri din Germania","link":"https:\/\/paulmelian.de\/blog\/?cat=2"},"img":{"alt_text":"","src":"https:\/\/i0.wp.com\/paulmelian.de\/blog\/wp-content\/uploads\/2020\/05\/persoenlichkeitsstoerung-300x183.jpeg?resize=350%2C200","width":350,"height":200},"classes":[]},{"id":5053,"url":"https:\/\/paulmelian.de\/blog\/?p=5053","url_meta":{"origin":6592,"position":5},"title":"Apokalypse \/ Apocalipsa","author":"Mihai","date":"29 august 2020","format":false,"excerpt":"Bei allem, was die Menschheit bisher vermasselt hat, gehe ich jede Wette ein, da\u00df sie auch den Weltuntergang irgendwie vermasseln wird. === Dup\u0103 tot ce a ratat omenirea p\u00e2n\u0103 acum, fac pariu pe orice c\u0103 va rata cumva \u015fi sf\u00e2r\u015fitul lumii.","rel":"","context":"\u00cen \u201eDeutsche Erinnerungen \/ Amintiri din Germania\u201d","block_context":{"text":"Deutsche Erinnerungen \/ Amintiri din Germania","link":"https:\/\/paulmelian.de\/blog\/?cat=2"},"img":{"alt_text":"","src":"https:\/\/i0.wp.com\/paulmelian.de\/blog\/wp-content\/uploads\/2020\/08\/Apokalypse-Baptisterium-Florenz-13_14_Jh-300x143.jpg?resize=350%2C200","width":350,"height":200},"classes":[]}],"post_mailing_queue_ids":[],"_links":{"self":[{"href":"https:\/\/paulmelian.de\/blog\/index.php?rest_route=\/wp\/v2\/posts\/6592","targetHints":{"allow":["GET"]}}],"collection":[{"href":"https:\/\/paulmelian.de\/blog\/index.php?rest_route=\/wp\/v2\/posts"}],"about":[{"href":"https:\/\/paulmelian.de\/blog\/index.php?rest_route=\/wp\/v2\/types\/post"}],"author":[{"embeddable":true,"href":"https:\/\/paulmelian.de\/blog\/index.php?rest_route=\/wp\/v2\/users\/1"}],"replies":[{"embeddable":true,"href":"https:\/\/paulmelian.de\/blog\/index.php?rest_route=%2Fwp%2Fv2%2Fcomments&post=6592"}],"version-history":[{"count":1,"href":"https:\/\/paulmelian.de\/blog\/index.php?rest_route=\/wp\/v2\/posts\/6592\/revisions"}],"predecessor-version":[{"id":6594,"href":"https:\/\/paulmelian.de\/blog\/index.php?rest_route=\/wp\/v2\/posts\/6592\/revisions\/6594"}],"wp:attachment":[{"href":"https:\/\/paulmelian.de\/blog\/index.php?rest_route=%2Fwp%2Fv2%2Fmedia&parent=6592"}],"wp:term":[{"taxonomy":"category","embeddable":true,"href":"https:\/\/paulmelian.de\/blog\/index.php?rest_route=%2Fwp%2Fv2%2Fcategories&post=6592"},{"taxonomy":"post_tag","embeddable":true,"href":"https:\/\/paulmelian.de\/blog\/index.php?rest_route=%2Fwp%2Fv2%2Ftags&post=6592"}],"curies":[{"name":"wp","href":"https:\/\/api.w.org\/{rel}","templated":true}]}}