{"id":6700,"date":"2024-02-11T12:54:05","date_gmt":"2024-02-11T10:54:05","guid":{"rendered":"https:\/\/paulmelian.de\/blog\/?p=6700"},"modified":"2024-02-11T12:54:05","modified_gmt":"2024-02-11T10:54:05","slug":"inverzism","status":"publish","type":"post","link":"https:\/\/paulmelian.de\/blog\/?p=6700","title":{"rendered":"\u00cenverzism"},"content":{"rendered":"<p>Nega\u0163ionismul ecologic a trecut la o nou\u0103 strategie. Modific\u0103rile climatice, la \u00eenceput negate, mai apoi bagatelizate, sunt mai nou din ce \u00een ce mai des privite ca o binefacere pentru omenire. Ultima <a href=\"https:\/\/www.contributors.ro\/paradoxul-progresului-iv-cresterea-pesimismului-si-legea-moynihan\/\">lozinc\u0103<\/a> este &#8222;\u00eenverzirea&#8221; planetei datorat\u0103 concentra\u0163iei sporite de CO2 \u015fi temperaturilor ridicate.<br \/>\nFaptul c\u0103 aceia\u015fi factori favorizeaz\u0103 \u00een alte zone procesul de de\u015fertificare, este trecut cu vederea. Daune colaterale. <a href=\"https:\/\/i0.wp.com\/paulmelian.de\/blog\/wp-content\/uploads\/2015\/12\/kopfsand.jpg?ssl=1\"><img data-recalc-dims=\"1\" loading=\"lazy\" decoding=\"async\" data-attachment-id=\"1354\" data-permalink=\"https:\/\/paulmelian.de\/blog\/?attachment_id=1354\" data-orig-file=\"https:\/\/i0.wp.com\/paulmelian.de\/blog\/wp-content\/uploads\/2015\/12\/kopfsand.jpg?fit=393%2C244&amp;ssl=1\" data-orig-size=\"393,244\" data-comments-opened=\"1\" data-image-meta=\"{&quot;aperture&quot;:&quot;0&quot;,&quot;credit&quot;:&quot;&quot;,&quot;camera&quot;:&quot;&quot;,&quot;caption&quot;:&quot;&quot;,&quot;created_timestamp&quot;:&quot;0&quot;,&quot;copyright&quot;:&quot;&quot;,&quot;focal_length&quot;:&quot;0&quot;,&quot;iso&quot;:&quot;0&quot;,&quot;shutter_speed&quot;:&quot;0&quot;,&quot;title&quot;:&quot;&quot;,&quot;orientation&quot;:&quot;0&quot;}\" data-image-title=\"kopfsand\" data-image-description=\"\" data-image-caption=\"\" data-large-file=\"https:\/\/i0.wp.com\/paulmelian.de\/blog\/wp-content\/uploads\/2015\/12\/kopfsand.jpg?fit=393%2C244&amp;ssl=1\" src=\"https:\/\/i0.wp.com\/paulmelian.de\/blog\/wp-content\/uploads\/2015\/12\/kopfsand.jpg?resize=300%2C186&#038;ssl=1\" alt=\"\" width=\"300\" height=\"186\" class=\"aligncenter size-medium wp-image-1354\" srcset=\"https:\/\/i0.wp.com\/paulmelian.de\/blog\/wp-content\/uploads\/2015\/12\/kopfsand.jpg?resize=300%2C186&amp;ssl=1 300w, https:\/\/i0.wp.com\/paulmelian.de\/blog\/wp-content\/uploads\/2015\/12\/kopfsand.jpg?w=393&amp;ssl=1 393w\" sizes=\"auto, (max-width: 300px) 100vw, 300px\" \/><\/a><\/p>\n","protected":false},"excerpt":{"rendered":"<p>Nega\u0163ionismul ecologic a trecut la o nou\u0103 strategie. Modific\u0103rile climatice, la \u00eenceput negate, mai apoi bagatelizate, sunt mai nou din ce \u00een ce mai des privite ca o binefacere pentru omenire. Ultima lozinc\u0103 este &#8222;\u00eenverzirea&#8221; planetei datorat\u0103 concentra\u0163iei sporite de &hellip; <a href=\"https:\/\/paulmelian.de\/blog\/?p=6700\">Continu\u0103 s\u0103 cite\u0219ti <span class=\"meta-nav\">&rarr;<\/span><\/a><\/p>\n","protected":false},"author":1,"featured_media":0,"comment_status":"open","ping_status":"open","sticky":false,"template":"","format":"standard","meta":{"ngg_post_thumbnail":0,"jetpack_post_was_ever_published":false,"_jetpack_newsletter_access":"","_jetpack_dont_email_post_to_subs":false,"_jetpack_newsletter_tier_id":0,"_jetpack_memberships_contains_paywalled_content":false,"_jetpack_memberships_contains_paid_content":false,"footnotes":"","jetpack_publicize_message":"","jetpack_publicize_feature_enabled":true,"jetpack_social_post_already_shared":true,"jetpack_social_options":{"image_generator_settings":{"template":"highway","default_image_id":0,"font":"","enabled":false},"version":2}},"categories":[8,9,6,14,17],"tags":[],"class_list":["post-6700","post","type-post","status-publish","format-standard","hentry","category-general","category-internautice","category-borituri","category-oameni","category-politica"],"jetpack_publicize_connections":[],"jetpack_featured_media_url":"","jetpack_sharing_enabled":true,"jetpack_shortlink":"https:\/\/wp.me\/p9mZDH-1K4","jetpack_likes_enabled":true,"jetpack-related-posts":[{"id":133,"url":"https:\/\/paulmelian.de\/blog\/?p=133","url_meta":{"origin":6700,"position":0},"title":"O, tempora&#8230;","author":"Mihai","date":"12 martie 2013","format":false,"excerpt":"Nici \u00een Germania nu mai e cum a fost... sau cum spunea Karl Valentin: \"Pe vremuri, toate erau mai bune, chiar \u015fi viitorul.\" Clasa politic\u0103 german\u0103 a dec\u0103zut complet. Guvernul german are la ora actual\u0103 \u00een r\u00e2ndurile sale un cancelar fost membru FDJ (similar cu UTC la noi), un ministru\u2026","rel":"","context":"\u00cen \u201eGeneral\u201d","block_context":{"text":"General","link":"https:\/\/paulmelian.de\/blog\/?cat=8"},"img":{"alt_text":"","src":"","width":0,"height":0},"classes":[]},{"id":1884,"url":"https:\/\/paulmelian.de\/blog\/?p=1884","url_meta":{"origin":6700,"position":1},"title":"Donald Duck + Micky Mouse = Tronta","author":"Mihai","date":"23 ianuarie 2017","format":false,"excerpt":"Donald Trump dovede\u015fte \u00een primele zile ca Pre\u015fedinte al SUA dou\u0103 lucruri. \u00cen primul r\u00e2nd, faptul c\u0103 speran\u0163a celor care afirm\u0103 c\u0103 \"n-o s\u0103 fie chiar a\u015fa de r\u0103u cum se tem unii\" nu este c\u00e2tu\u015fi de pu\u0163in \u00eendrept\u0103\u0163it\u0103. Ba va fi \u015fi mai r\u0103u. \u00cen al doilea r\u00e2nd, \u00een\u2026","rel":"","context":"\u00cen \u201eGeneral\u201d","block_context":{"text":"General","link":"https:\/\/paulmelian.de\/blog\/?cat=8"},"img":{"alt_text":"","src":"https:\/\/i0.wp.com\/paulmelian.de\/blog\/wp-content\/uploads\/2017\/01\/trump-755_v-videowebl-300x169.jpg?resize=350%2C200","width":350,"height":200},"classes":[]},{"id":6919,"url":"https:\/\/paulmelian.de\/blog\/?p=6919","url_meta":{"origin":6700,"position":2},"title":"Infla\u0163ie","author":"Mihai","date":"14 august 2024","format":false,"excerpt":"Pentru a ilustra temperaturile extreme care se \u00eent\u00e2lnesc din ce \u00een ce mai des, culoarea ro\u015fie, care se intensific\u0103 dup\u0103 valorile \u00eenregistrate, nu mai este suficient\u0103: unele zone apar de-a dreptul negre. Av\u00e2nd \u00een vedere num\u0103rul ridicat de decese asociat cu fenomenul de canicul\u0103 extrem\u0103 (\u00een anul trecut, Europa a\u2026","rel":"","context":"\u00cen \u201eGeneral\u201d","block_context":{"text":"General","link":"https:\/\/paulmelian.de\/blog\/?cat=8"},"img":{"alt_text":"","src":"https:\/\/i0.wp.com\/paulmelian.de\/blog\/wp-content\/uploads\/2024\/08\/Klima-300x171.jpg?resize=350%2C200&ssl=1","width":350,"height":200},"classes":[]},{"id":164,"url":"https:\/\/paulmelian.de\/blog\/?p=164","url_meta":{"origin":6700,"position":3},"title":"Li se rupe sau nu li se rupe?","author":"Mihai","date":"17 decembrie 2013","format":false,"excerpt":"Ponta despre Atonescu \u015fi Useleu: \"Daca vrea sa \u00eel rup\u0103, s\u0103 \u00eel rup\u0103. Eu nu vreau\" Cu toate c\u0103 asta ne aminte\u015fte de: \"Dac\u0103 voi nu m\u0103 vre\u0163i, eu v\u0103 vreau\", nivelul este mai degrab\u0103 al unui copil de gr\u0103dini\u0163\u0103. Mai lipseste doar un \"s\u00e2c!\". Cearta infantil\u0103 are, dup\u0103 cum\u2026","rel":"","context":"\u00cen \u201eGeneral\u201d","block_context":{"text":"General","link":"https:\/\/paulmelian.de\/blog\/?cat=8"},"img":{"alt_text":"","src":"","width":0,"height":0},"classes":[]},{"id":183,"url":"https:\/\/paulmelian.de\/blog\/?p=183","url_meta":{"origin":6700,"position":4},"title":"Rom\u00e2nia n-are nevoie de du\u015fmani externi","author":"Mihai","date":"26 ianuarie 2014","format":false,"excerpt":"Autor: Mihai Washington Post constat\u0103 cam a\u015fa: Rom\u00e2nia, o \u0163ar\u0103 cu 19 milioane de locuitori, n-are du\u015fmani externi, dar are \u015fapte servicii de informa\u0163ii. Cu toate astea, nu poate g\u0103si un avion. Unul din cele \u015fapte servicii a investit 40 de milioane de euro \u00een sistemul de apelare de urgen\u0163\u0103\u2026","rel":"","context":"\u00cen \u201eGeneral\u201d","block_context":{"text":"General","link":"https:\/\/paulmelian.de\/blog\/?cat=8"},"img":{"alt_text":"","src":"","width":0,"height":0},"classes":[]},{"id":129,"url":"https:\/\/paulmelian.de\/blog\/?p=129","url_meta":{"origin":6700,"position":5},"title":"Cum ne facem \u0163ara de r\u00e2sFifty ways to live Yourope","author":"Mihai","date":"2 martie 2013","format":false,"excerpt":"\u00cencep cu \u201cbagatele\u201d. La Aeroportul International de la Cluj, dup\u0103 ce te-ai dezbr\u0103cat p\u00e2n\u0103 la c\u0103ma\u015f\u0103, \u0163i-ai scos centura \u015fi \u0163i-ai golit buzunarele, mai trebuie adesea s\u0103 te \u015fi descal\u0163i. \u00cen acest caz, umbli cu picioarele goale prin mizeria de pe jos, deoarece automatul care debiteaz\u0103 boto\u015feii de plastic \u00ee\u0163i\u2026","rel":"","context":"\u00cen \u201eGeneral\u201d","block_context":{"text":"General","link":"https:\/\/paulmelian.de\/blog\/?cat=8"},"img":{"alt_text":"","src":"","width":0,"height":0},"classes":[]}],"post_mailing_queue_ids":[],"_links":{"self":[{"href":"https:\/\/paulmelian.de\/blog\/index.php?rest_route=\/wp\/v2\/posts\/6700","targetHints":{"allow":["GET"]}}],"collection":[{"href":"https:\/\/paulmelian.de\/blog\/index.php?rest_route=\/wp\/v2\/posts"}],"about":[{"href":"https:\/\/paulmelian.de\/blog\/index.php?rest_route=\/wp\/v2\/types\/post"}],"author":[{"embeddable":true,"href":"https:\/\/paulmelian.de\/blog\/index.php?rest_route=\/wp\/v2\/users\/1"}],"replies":[{"embeddable":true,"href":"https:\/\/paulmelian.de\/blog\/index.php?rest_route=%2Fwp%2Fv2%2Fcomments&post=6700"}],"version-history":[{"count":2,"href":"https:\/\/paulmelian.de\/blog\/index.php?rest_route=\/wp\/v2\/posts\/6700\/revisions"}],"predecessor-version":[{"id":6702,"href":"https:\/\/paulmelian.de\/blog\/index.php?rest_route=\/wp\/v2\/posts\/6700\/revisions\/6702"}],"wp:attachment":[{"href":"https:\/\/paulmelian.de\/blog\/index.php?rest_route=%2Fwp%2Fv2%2Fmedia&parent=6700"}],"wp:term":[{"taxonomy":"category","embeddable":true,"href":"https:\/\/paulmelian.de\/blog\/index.php?rest_route=%2Fwp%2Fv2%2Fcategories&post=6700"},{"taxonomy":"post_tag","embeddable":true,"href":"https:\/\/paulmelian.de\/blog\/index.php?rest_route=%2Fwp%2Fv2%2Ftags&post=6700"}],"curies":[{"name":"wp","href":"https:\/\/api.w.org\/{rel}","templated":true}]}}