{"id":6725,"date":"2024-02-14T12:50:48","date_gmt":"2024-02-14T10:50:48","guid":{"rendered":"https:\/\/paulmelian.de\/blog\/?p=6725"},"modified":"2024-02-14T12:51:06","modified_gmt":"2024-02-14T10:51:06","slug":"flexible-solidaritat-solidaritate-flexibila","status":"publish","type":"post","link":"https:\/\/paulmelian.de\/blog\/?p=6725","title":{"rendered":"Flexible Solidarit\u00e4t \/ Solidaritate flexibil\u0103"},"content":{"rendered":"<p><a href=\"https:\/\/www.puls24.at\/news\/politik\/kein-geld-kein-schutz-trump-berater-fuer-zweiklassen-nato\/320880\">Das<\/a> erinnert mich an das Konzept der &#8222;flexiblen Solidarit\u00e4t&#8221; von Orban, anl\u00e4\u00dflich der Fl\u00fcchtlingskrise. (Oder war &#8222;flexible Humanit\u00e4t&#8221; gemeint?)<\/p>\n<p style=\"text-align: center;\">===<\/p>\n<p><a href=\"https:\/\/tvrinfo.ro\/un-consilier-al-lui-trump-propune-un-sistem-stratificat-de-protectie-pentru-statele-membre-nato\/\">Asta<\/a> \u00eemi aminte\u015fte de no\u0163iunea de &#8222;solidaritate flexibil\u0103&#8221; a lui Orban cu ocazia crizei refugia\u0163ilor. (Sau voia s\u0103 spun\u0103 &#8222;umanism flexibil&#8221;?)<\/p>\n<p><a href=\"https:\/\/i0.wp.com\/paulmelian.de\/blog\/wp-content\/uploads\/2024\/02\/Solidaritate-flexibila.jpg?ssl=1\"><img data-recalc-dims=\"1\" loading=\"lazy\" decoding=\"async\" data-attachment-id=\"6726\" data-permalink=\"https:\/\/paulmelian.de\/blog\/?attachment_id=6726\" data-orig-file=\"https:\/\/i0.wp.com\/paulmelian.de\/blog\/wp-content\/uploads\/2024\/02\/Solidaritate-flexibila.jpg?fit=1024%2C768&amp;ssl=1\" data-orig-size=\"1024,768\" data-comments-opened=\"1\" data-image-meta=\"{&quot;aperture&quot;:&quot;0&quot;,&quot;credit&quot;:&quot;&quot;,&quot;camera&quot;:&quot;&quot;,&quot;caption&quot;:&quot;&quot;,&quot;created_timestamp&quot;:&quot;0&quot;,&quot;copyright&quot;:&quot;&quot;,&quot;focal_length&quot;:&quot;0&quot;,&quot;iso&quot;:&quot;0&quot;,&quot;shutter_speed&quot;:&quot;0&quot;,&quot;title&quot;:&quot;&quot;,&quot;orientation&quot;:&quot;0&quot;}\" data-image-title=\"Solidaritate flexibila\" data-image-description=\"\" data-image-caption=\"\" data-large-file=\"https:\/\/i0.wp.com\/paulmelian.de\/blog\/wp-content\/uploads\/2024\/02\/Solidaritate-flexibila.jpg?fit=640%2C480&amp;ssl=1\" class=\"aligncenter size-medium wp-image-6726\" src=\"https:\/\/i0.wp.com\/paulmelian.de\/blog\/wp-content\/uploads\/2024\/02\/Solidaritate-flexibila.jpg?resize=300%2C225&#038;ssl=1\" alt=\"\" width=\"300\" height=\"225\" srcset=\"https:\/\/i0.wp.com\/paulmelian.de\/blog\/wp-content\/uploads\/2024\/02\/Solidaritate-flexibila.jpg?resize=300%2C225&amp;ssl=1 300w, https:\/\/i0.wp.com\/paulmelian.de\/blog\/wp-content\/uploads\/2024\/02\/Solidaritate-flexibila.jpg?resize=768%2C576&amp;ssl=1 768w, https:\/\/i0.wp.com\/paulmelian.de\/blog\/wp-content\/uploads\/2024\/02\/Solidaritate-flexibila.jpg?w=1024&amp;ssl=1 1024w\" sizes=\"auto, (max-width: 300px) 100vw, 300px\" \/><\/a><\/p>\n","protected":false},"excerpt":{"rendered":"<p>Das erinnert mich an das Konzept der &#8222;flexiblen Solidarit\u00e4t&#8221; von Orban, anl\u00e4\u00dflich der Fl\u00fcchtlingskrise. (Oder war &#8222;flexible Humanit\u00e4t&#8221; gemeint?) === Asta \u00eemi aminte\u015fte de no\u0163iunea de &#8222;solidaritate flexibil\u0103&#8221; a lui Orban cu ocazia crizei refugia\u0163ilor. (Sau voia s\u0103 spun\u0103 &#8222;umanism &hellip; <a href=\"https:\/\/paulmelian.de\/blog\/?p=6725\">Continu\u0103 s\u0103 cite\u0219ti <span class=\"meta-nav\">&rarr;<\/span><\/a><\/p>\n","protected":false},"author":1,"featured_media":0,"comment_status":"open","ping_status":"open","sticky":false,"template":"","format":"standard","meta":{"ngg_post_thumbnail":0,"jetpack_post_was_ever_published":false,"_jetpack_newsletter_access":"","_jetpack_dont_email_post_to_subs":false,"_jetpack_newsletter_tier_id":0,"_jetpack_memberships_contains_paywalled_content":false,"_jetpack_memberships_contains_paid_content":false,"footnotes":"","jetpack_publicize_message":"","jetpack_publicize_feature_enabled":true,"jetpack_social_post_already_shared":true,"jetpack_social_options":{"image_generator_settings":{"template":"highway","default_image_id":0,"font":"","enabled":false},"version":2}},"categories":[8,9,6,1,17],"tags":[],"class_list":["post-6725","post","type-post","status-publish","format-standard","hentry","category-general","category-internautice","category-borituri","category-fara-categorie","category-politica"],"jetpack_publicize_connections":[],"jetpack_featured_media_url":"","jetpack_sharing_enabled":true,"jetpack_shortlink":"https:\/\/wp.me\/p9mZDH-1Kt","jetpack_likes_enabled":true,"jetpack-related-posts":[{"id":3106,"url":"https:\/\/paulmelian.de\/blog\/?p=3106","url_meta":{"origin":6725,"position":0},"title":"&#8222;Aktive&#8221; Solidarit\u00e4t \/ Solidaritate &#8222;activ\u0103&#8221;","author":"Mihai","date":"9 ianuarie 2019","format":false,"excerpt":"49 Fl\u00fcchtlinge, die im Mittelmeer gerettet wurden und auf deutschen Rettungsschiffen unter unbeschreiblichen Bedingungen ausharren mu\u00dften, d\u00fcrfen endlich ans Land. Die Euforie der EU Beh\u00f6rden kennt keine Grenzen: sie reden sogar von einer \"aktiven\" Solidarit\u00e4t der 8 L\u00e4nder (Ungarn, die Slowakei, Tschechien und\u00a0 Polen waren selbstverst\u00e4ndlich nicht dabei!), die sich\u2026","rel":"","context":"\u00cen \u201eDeutsche Erinnerungen \/ Amintiri din Germania\u201d","block_context":{"text":"Deutsche Erinnerungen \/ Amintiri din Germania","link":"https:\/\/paulmelian.de\/blog\/?cat=2"},"img":{"alt_text":"","src":"","width":0,"height":0},"classes":[]},{"id":1525,"url":"https:\/\/paulmelian.de\/blog\/?p=1525","url_meta":{"origin":6725,"position":1},"title":"&#8222;Solidaritate flexibil\u0103&#8221;","author":"Mihai","date":"16 septembrie 2016","format":false,"excerpt":"La reuniunea UE la \u00eenalt nivel de la Bratislava, a\u015fa zisele \"state de la Vi\u015fegrad\" anun\u0163\u0103 c\u0103 refuz\u0103 cotele obligatorii de refugia\u0163i pe care vrea s\u0103 le impun\u0103 UE. (Rom\u00e2nia, frustrat\u0103 c\u0103 nu particip\u0103 \u015fi ea la acest club select, nu spune deocamdat\u0103 nimic, dar, de asta sunt sigur, se\u2026","rel":"","context":"\u00cen \u201eDeutsche Erinnerungen \/ Amintiri din Germania\u201d","block_context":{"text":"Deutsche Erinnerungen \/ Amintiri din Germania","link":"https:\/\/paulmelian.de\/blog\/?cat=2"},"img":{"alt_text":"","src":"","width":0,"height":0},"classes":[]},{"id":3445,"url":"https:\/\/paulmelian.de\/blog\/?p=3445","url_meta":{"origin":6725,"position":2},"title":"KuK Revival?","author":"Mihai","date":"8 mai 2019","format":false,"excerpt":"Viktor Orban entzieht dem EVP Kandidaten Manfred Weber seine Unterst\u00fctzung. Die peinliche Eierei der EVP beim Konflikt mit Orban und Fidesz, bei der sie statt eines Rausschmisses eine \"Suspendierung\" beschlossen hat, hat sich nicht ausgezahlt. Hingegen zeigt Orban eine gro\u00dfe Liebe f\u00fcr \u00d6VP und Strache. === Viktor Orban \u00ee\u015fi retrage\u2026","rel":"","context":"\u00cen \u201eDeutsche Erinnerungen \/ Amintiri din Germania\u201d","block_context":{"text":"Deutsche Erinnerungen \/ Amintiri din Germania","link":"https:\/\/paulmelian.de\/blog\/?cat=2"},"img":{"alt_text":"","src":"https:\/\/i0.wp.com\/paulmelian.de\/blog\/wp-content\/uploads\/2019\/05\/strache-orban-101_v-videowebl-300x169.jpg?resize=350%2C200","width":350,"height":200},"classes":[]},{"id":2089,"url":"https:\/\/paulmelian.de\/blog\/?p=2089","url_meta":{"origin":6725,"position":3},"title":"Satisfac\u0163ie","author":"Mihai","date":"6 septembrie 2017","format":false,"excerpt":"Slovacia \u015fi Ungaria au e\u015fuat \u00een \u00eencercarea de a evita primirea unei cote obligatorii de refugia\u0163i. V\u0103 mai aminti\u0163i no\u0163iunea de \"solidaritate flexibil\u0103\"?","rel":"","context":"\u00cen \u201eDeutsche Erinnerungen \/ Amintiri din Germania\u201d","block_context":{"text":"Deutsche Erinnerungen \/ Amintiri din Germania","link":"https:\/\/paulmelian.de\/blog\/?cat=2"},"img":{"alt_text":"","src":"","width":0,"height":0},"classes":[]},{"id":1453,"url":"https:\/\/paulmelian.de\/blog\/?p=1453","url_meta":{"origin":6725,"position":4},"title":"Solidaritate.","author":"Mihai","date":"26 aprilie 2016","format":false,"excerpt":"Republica Moldova trimite Rom\u00e2niei un mesaj de sus\u0163inere pentru a face uitat momentul penibil al descalific\u0103rii TVR la Eurovision. (Circul\u0103 zvonul potrivit c\u0103ruia o ini\u0163iativ\u0103 asem\u0103n\u0103toare a Albaniei, care s-a oferit s\u0103 pl\u0103teasc\u0103 integral datoriile postului rom\u00e2n de televiziune, a fost refuzat\u0103 la insisten\u0163a BOR din motive religioase.)","rel":"","context":"\u00cen \u201eGeneral\u201d","block_context":{"text":"General","link":"https:\/\/paulmelian.de\/blog\/?cat=8"},"img":{"alt_text":"","src":"","width":0,"height":0},"classes":[]},{"id":136,"url":"https:\/\/paulmelian.de\/blog\/?p=136","url_meta":{"origin":6725,"position":5},"title":"Isus Cristos, aproape ungur! \/ Jesus Christus, fast Ungar!","author":"Mihai","date":"17 martie 2013","format":false,"excerpt":"Guvernul Ungariei a constatat cu nemul\u0163umire faptul c\u0103 Rom\u00e2nia este pe cale de a deveni, \u00een mod incontestabil, oaia cea mai neagr\u0103 din Uniunea European\u0103. Prin ini\u0163iativa cabinetului Orban \u201eS\u0103 dovedim c\u0103 noi putem fi \u015fi mai negri!\u201d au fost repurtate deja primele succese \u00een cursa de urm\u0103rire a liderului\u2026","rel":"","context":"\u00cen \u201eGeneral\u201d","block_context":{"text":"General","link":"https:\/\/paulmelian.de\/blog\/?cat=8"},"img":{"alt_text":"","src":"","width":0,"height":0},"classes":[]}],"post_mailing_queue_ids":[],"_links":{"self":[{"href":"https:\/\/paulmelian.de\/blog\/index.php?rest_route=\/wp\/v2\/posts\/6725","targetHints":{"allow":["GET"]}}],"collection":[{"href":"https:\/\/paulmelian.de\/blog\/index.php?rest_route=\/wp\/v2\/posts"}],"about":[{"href":"https:\/\/paulmelian.de\/blog\/index.php?rest_route=\/wp\/v2\/types\/post"}],"author":[{"embeddable":true,"href":"https:\/\/paulmelian.de\/blog\/index.php?rest_route=\/wp\/v2\/users\/1"}],"replies":[{"embeddable":true,"href":"https:\/\/paulmelian.de\/blog\/index.php?rest_route=%2Fwp%2Fv2%2Fcomments&post=6725"}],"version-history":[{"count":2,"href":"https:\/\/paulmelian.de\/blog\/index.php?rest_route=\/wp\/v2\/posts\/6725\/revisions"}],"predecessor-version":[{"id":6729,"href":"https:\/\/paulmelian.de\/blog\/index.php?rest_route=\/wp\/v2\/posts\/6725\/revisions\/6729"}],"wp:attachment":[{"href":"https:\/\/paulmelian.de\/blog\/index.php?rest_route=%2Fwp%2Fv2%2Fmedia&parent=6725"}],"wp:term":[{"taxonomy":"category","embeddable":true,"href":"https:\/\/paulmelian.de\/blog\/index.php?rest_route=%2Fwp%2Fv2%2Fcategories&post=6725"},{"taxonomy":"post_tag","embeddable":true,"href":"https:\/\/paulmelian.de\/blog\/index.php?rest_route=%2Fwp%2Fv2%2Ftags&post=6725"}],"curies":[{"name":"wp","href":"https:\/\/api.w.org\/{rel}","templated":true}]}}