{"id":6744,"date":"2024-02-16T16:30:13","date_gmt":"2024-02-16T14:30:13","guid":{"rendered":"https:\/\/paulmelian.de\/blog\/?p=6744"},"modified":"2024-02-16T16:30:13","modified_gmt":"2024-02-16T14:30:13","slug":"ma-resemnez","status":"publish","type":"post","link":"https:\/\/paulmelian.de\/blog\/?p=6744","title":{"rendered":"M\u0103 resemnez"},"content":{"rendered":"<p>N-a\u015f putea s\u0103 ajung candidat la pe\u015fedin\u0163ie din partea AUR, nici dac\u0103 a\u015f vrea asta cu tot dinadinsul.<br \/>\n<a href=\"https:\/\/tvrinfo.ro\/aur-a-dat-startul-cursei-interne-pentru-candidatura-la-prezidentiale\/\">Condi\u0163ii<\/a>, printre altele:<\/p>\n<blockquote><p><small>s\u0103 fie cet\u0103\u0163ean rom\u00e2n, cu domiciliul \u00een \u0163ar\u0103 [  ] s\u0103 nu fi dob\u00e2ndit \u00een mod voluntar cet\u0103\u0163enia unei alte \u0163\u0103ri sau s\u0103 \u00ee\u015fi fi exercitat drepturile de cet\u0103\u0163enie \u00eentr-o alt\u0103 \u0163ar\u0103, ori s\u0103 \u00ee\u015fi fi declarat loialitatea fa\u0163\u0103 de o alt\u0103 \u0163ar\u0103.<\/small><\/p><\/blockquote>\n<p><a href=\"https:\/\/i0.wp.com\/paulmelian.de\/blog\/wp-content\/uploads\/2024\/02\/AUR.jpg?ssl=1\"><img data-recalc-dims=\"1\" loading=\"lazy\" decoding=\"async\" data-attachment-id=\"6748\" data-permalink=\"https:\/\/paulmelian.de\/blog\/?attachment_id=6748\" data-orig-file=\"https:\/\/i0.wp.com\/paulmelian.de\/blog\/wp-content\/uploads\/2024\/02\/AUR.jpg?fit=540%2C439&amp;ssl=1\" data-orig-size=\"540,439\" data-comments-opened=\"1\" data-image-meta=\"{&quot;aperture&quot;:&quot;0&quot;,&quot;credit&quot;:&quot;&quot;,&quot;camera&quot;:&quot;&quot;,&quot;caption&quot;:&quot;&quot;,&quot;created_timestamp&quot;:&quot;0&quot;,&quot;copyright&quot;:&quot;&quot;,&quot;focal_length&quot;:&quot;0&quot;,&quot;iso&quot;:&quot;0&quot;,&quot;shutter_speed&quot;:&quot;0&quot;,&quot;title&quot;:&quot;&quot;,&quot;orientation&quot;:&quot;0&quot;}\" data-image-title=\"AUR\" data-image-description=\"\" data-image-caption=\"\" data-large-file=\"https:\/\/i0.wp.com\/paulmelian.de\/blog\/wp-content\/uploads\/2024\/02\/AUR.jpg?fit=540%2C439&amp;ssl=1\" src=\"https:\/\/i0.wp.com\/paulmelian.de\/blog\/wp-content\/uploads\/2024\/02\/AUR.jpg?resize=300%2C244&#038;ssl=1\" alt=\"\" width=\"300\" height=\"244\" class=\"aligncenter size-medium wp-image-6748\" srcset=\"https:\/\/i0.wp.com\/paulmelian.de\/blog\/wp-content\/uploads\/2024\/02\/AUR.jpg?resize=300%2C244&amp;ssl=1 300w, https:\/\/i0.wp.com\/paulmelian.de\/blog\/wp-content\/uploads\/2024\/02\/AUR.jpg?w=540&amp;ssl=1 540w\" sizes=\"auto, (max-width: 300px) 100vw, 300px\" \/><\/a><\/p>\n","protected":false},"excerpt":{"rendered":"<p>N-a\u015f putea s\u0103 ajung candidat la pe\u015fedin\u0163ie din partea AUR, nici dac\u0103 a\u015f vrea asta cu tot dinadinsul. Condi\u0163ii, printre altele: s\u0103 fie cet\u0103\u0163ean rom\u00e2n, cu domiciliul \u00een \u0163ar\u0103 [ ] s\u0103 nu fi dob\u00e2ndit \u00een mod voluntar cet\u0103\u0163enia unei &hellip; <a href=\"https:\/\/paulmelian.de\/blog\/?p=6744\">Continu\u0103 s\u0103 cite\u0219ti <span class=\"meta-nav\">&rarr;<\/span><\/a><\/p>\n","protected":false},"author":1,"featured_media":0,"comment_status":"open","ping_status":"open","sticky":false,"template":"","format":"standard","meta":{"ngg_post_thumbnail":0,"jetpack_post_was_ever_published":false,"_jetpack_newsletter_access":"","_jetpack_dont_email_post_to_subs":false,"_jetpack_newsletter_tier_id":0,"_jetpack_memberships_contains_paywalled_content":false,"_jetpack_memberships_contains_paid_content":false,"footnotes":"","jetpack_publicize_message":"","jetpack_publicize_feature_enabled":true,"jetpack_social_post_already_shared":true,"jetpack_social_options":{"image_generator_settings":{"template":"highway","default_image_id":0,"font":"","enabled":false},"version":2}},"categories":[8,9,6,14,1,17,19],"tags":[],"class_list":["post-6744","post","type-post","status-publish","format-standard","hentry","category-general","category-internautice","category-borituri","category-oameni","category-fara-categorie","category-politica","category-romania-in-lume"],"jetpack_publicize_connections":[],"jetpack_featured_media_url":"","jetpack_sharing_enabled":true,"jetpack_shortlink":"https:\/\/wp.me\/p9mZDH-1KM","jetpack_likes_enabled":true,"jetpack-related-posts":[{"id":129,"url":"https:\/\/paulmelian.de\/blog\/?p=129","url_meta":{"origin":6744,"position":0},"title":"Cum ne facem \u0163ara de r\u00e2sFifty ways to live Yourope","author":"Mihai","date":"2 martie 2013","format":false,"excerpt":"\u00cencep cu \u201cbagatele\u201d. La Aeroportul International de la Cluj, dup\u0103 ce te-ai dezbr\u0103cat p\u00e2n\u0103 la c\u0103ma\u015f\u0103, \u0163i-ai scos centura \u015fi \u0163i-ai golit buzunarele, mai trebuie adesea s\u0103 te \u015fi descal\u0163i. \u00cen acest caz, umbli cu picioarele goale prin mizeria de pe jos, deoarece automatul care debiteaz\u0103 boto\u015feii de plastic \u00ee\u0163i\u2026","rel":"","context":"\u00cen \u201eGeneral\u201d","block_context":{"text":"General","link":"https:\/\/paulmelian.de\/blog\/?cat=8"},"img":{"alt_text":"","src":"","width":0,"height":0},"classes":[]},{"id":111,"url":"https:\/\/paulmelian.de\/blog\/?p=111","url_meta":{"origin":6744,"position":1},"title":"\u0162ara arde, \u0163op\u00e2rlanul prosper\u0103","author":"Mihai","date":"30 martie 2012","format":false,"excerpt":"\u0162op\u00e2rl\u0103nimea rom\u00e2n\u0103 (c\u0103 de \u0163\u0103r\u0103nime nu mai poate fi vorba) a descoperit o nou\u0103 surs\u0103 de c\u00e2\u015ftig. \u00ce\u015fi vinde animalele, care oricum dau prea mult de lucru, \u00ee\u015fi las\u0103 f\u00e2ne\u0163ele necosite, dar \u00eencaseaz\u0103 \u00een continuare subven\u0163ia de la APIA pentru terenul agricol respectiv. Ajungem astfel \u00een situa\u0163ia de a importa\u2026","rel":"","context":"\u00cen \u201eGeneral\u201d","block_context":{"text":"General","link":"https:\/\/paulmelian.de\/blog\/?cat=8"},"img":{"alt_text":"","src":"wp-content\/uploads\/2012\/03\/p1010012-300x225.jpg","width":350,"height":200},"classes":[]},{"id":1312,"url":"https:\/\/paulmelian.de\/blog\/?p=1312","url_meta":{"origin":6744,"position":2},"title":"Perspective","author":"Mihai","date":"5 noiembrie 2015","format":false,"excerpt":"M\u0103 \u00eenfurie modul ordinar \u00een care este instrumentalizat\u0103 o tragedie ca cea de la clubul Colectiv pentru a da vina pe proprii du\u015fmani, indiferent de faptul dac\u0103 au avut ceva de-a face cu asta sau nu. M\u0103 \u00eenfurie \u015fi \u00eencercarea de acaparare a protestelor \u00een mas\u0103 de c\u0103tre un partid\u2026","rel":"","context":"\u00cen \u201eGeneral\u201d","block_context":{"text":"General","link":"https:\/\/paulmelian.de\/blog\/?cat=8"},"img":{"alt_text":"drapelviitor2","src":"https:\/\/i0.wp.com\/paulmelian.de\/blog\/wp-content\/uploads\/2015\/11\/drapelviitor2-300x200.jpg?resize=350%2C200","width":350,"height":200},"classes":[]},{"id":2838,"url":"https:\/\/paulmelian.de\/blog\/?p=2838","url_meta":{"origin":6744,"position":3},"title":"Un sfat bine inten\u0163ionat","author":"Mihai","date":"26 mai 2018","format":false,"excerpt":"C\u00e2nd am fost la RMN dup\u0103 ruptura de ligamente de la um\u0103r, un t\u00e2n\u0103r medic din Cluj mi-a pus o droaie de \u00eentreb\u0103ri cu privire la situa\u0163ia din Germania. Totul pornea de la faptul c\u0103 prietena lui, care se afla \u00een ultimul an la medicin\u0103, cocheta cu ideea de a\u2026","rel":"","context":"\u00cen \u201eDeutsche Erinnerungen \/ Amintiri din Germania\u201d","block_context":{"text":"Deutsche Erinnerungen \/ Amintiri din Germania","link":"https:\/\/paulmelian.de\/blog\/?cat=2"},"img":{"alt_text":"","src":"https:\/\/i0.wp.com\/paulmelian.de\/blog\/wp-content\/uploads\/2018\/01\/Gott-in-wei%C3%9F-300x122.jpg?resize=350%2C200","width":350,"height":200},"classes":[]},{"id":2673,"url":"https:\/\/paulmelian.de\/blog\/?p=2673","url_meta":{"origin":6744,"position":4},"title":"Indignare","author":"Mihai","date":"4 februarie 2018","format":false,"excerpt":"Tipul era de-a dreptul enervant. Pe de-o parte afirma c\u0103 PSD este o adun\u0103tur\u0103 de ho\u0163i, pe de alta c\u0103 a\u015fa zisa \u201cDreapt\u0103\u201d rom\u00e2neasc\u0103 nici m\u0103car adun\u0103tur\u0103 nu e. \u00cen afar\u0103 de asta, pe Iohannis \u00eel considera bou (sau \u201cneam\u0163 prost\u201d, spre deosebire de alternativa sa la ultimele alegeri preziden\u0163iale,\u2026","rel":"","context":"\u00cen \u201eGeneral\u201d","block_context":{"text":"General","link":"https:\/\/paulmelian.de\/blog\/?cat=8"},"img":{"alt_text":"","src":"https:\/\/i0.wp.com\/paulmelian.de\/blog\/wp-content\/uploads\/2018\/02\/Cheshire_Cat_Tenniela-292x300.png?resize=350%2C200","width":350,"height":200},"classes":[]},{"id":199,"url":"https:\/\/paulmelian.de\/blog\/?p=199","url_meta":{"origin":6744,"position":5},"title":"Capra, varza, h\u00e2rbul \u015fi oala spart\u0103","author":"Mihai","date":"9 aprilie 2014","format":false,"excerpt":"O \u00eencercare pios-profanatoare a d-lui Fumurescu pe platforma contributors.ro de a-i \u00eemp\u0103ca pe Vladimir Tism\u0103neanu \u015fi Dorin Tudoran cu ocazia mor\u0163ii poetului Andrei Bodiu \u00eemi apare cu totul inoportun\u0103, deoarece pe aceea\u015fi platform\u0103 r\u0103fuiala primului T cu cel din urm\u0103 tocmai atinsese, cu ajutorul involuntar al d-lui Iulian Capsali, un\u2026","rel":"","context":"\u00cen \u201eGeneral\u201d","block_context":{"text":"General","link":"https:\/\/paulmelian.de\/blog\/?cat=8"},"img":{"alt_text":"","src":"","width":0,"height":0},"classes":[]}],"post_mailing_queue_ids":[],"_links":{"self":[{"href":"https:\/\/paulmelian.de\/blog\/index.php?rest_route=\/wp\/v2\/posts\/6744","targetHints":{"allow":["GET"]}}],"collection":[{"href":"https:\/\/paulmelian.de\/blog\/index.php?rest_route=\/wp\/v2\/posts"}],"about":[{"href":"https:\/\/paulmelian.de\/blog\/index.php?rest_route=\/wp\/v2\/types\/post"}],"author":[{"embeddable":true,"href":"https:\/\/paulmelian.de\/blog\/index.php?rest_route=\/wp\/v2\/users\/1"}],"replies":[{"embeddable":true,"href":"https:\/\/paulmelian.de\/blog\/index.php?rest_route=%2Fwp%2Fv2%2Fcomments&post=6744"}],"version-history":[{"count":5,"href":"https:\/\/paulmelian.de\/blog\/index.php?rest_route=\/wp\/v2\/posts\/6744\/revisions"}],"predecessor-version":[{"id":6750,"href":"https:\/\/paulmelian.de\/blog\/index.php?rest_route=\/wp\/v2\/posts\/6744\/revisions\/6750"}],"wp:attachment":[{"href":"https:\/\/paulmelian.de\/blog\/index.php?rest_route=%2Fwp%2Fv2%2Fmedia&parent=6744"}],"wp:term":[{"taxonomy":"category","embeddable":true,"href":"https:\/\/paulmelian.de\/blog\/index.php?rest_route=%2Fwp%2Fv2%2Fcategories&post=6744"},{"taxonomy":"post_tag","embeddable":true,"href":"https:\/\/paulmelian.de\/blog\/index.php?rest_route=%2Fwp%2Fv2%2Ftags&post=6744"}],"curies":[{"name":"wp","href":"https:\/\/api.w.org\/{rel}","templated":true}]}}