{"id":6818,"date":"2024-04-09T14:20:09","date_gmt":"2024-04-09T12:20:09","guid":{"rendered":"https:\/\/paulmelian.de\/blog\/?p=6818"},"modified":"2024-04-09T14:20:09","modified_gmt":"2024-04-09T12:20:09","slug":"am-ramas-prohibit","status":"publish","type":"post","link":"https:\/\/paulmelian.de\/blog\/?p=6818","title":{"rendered":"Am r\u0103mas prohibit&#8230;"},"content":{"rendered":"<p>&#8230;citind aceast\u0103 <a href=\"https:\/\/tvrinfo.ro\/a-inceput-prohibitia-generala-a-pescuitului-in-romania\/\">\u015ftire<\/a>:<\/p>\n<blockquote><p><small><br \/>\nProhibi\u0163ia general\u0103 a pescuitului \u00een Rom\u00e2nia a \u00eenceput mar\u0163i \u00een toate apele naturale din Rom\u00e2nia, conform Ordinului nr. 561\/2023\/11\/2024 aprobat de Ministerul Agriculturii \u015fi Ministerul Mediului, activitatea comercial\u0103 \u015fi recreativ\u0103 urm\u00e2nd s\u0103 fie reluat\u0103 \u00een bazinele naturale pe data de 8 iunie, cu unele excep\u0163ii.<br \/>\nProhibi\u0163ia va dura 60 de zile \u00een habitatele piscicole naturale, iar \u00een apele care constituie frontier\u0103 de stat cu Ucraina, inclusiv \u00een golful Musura, va dura 45 de zile, pescuitul urm\u00e2nd s\u0103 fie interzis \u00een perioada 16 aprilie \u2013 30 mai, inclusiv.<br \/>\n\u00cen perioada 9 aprilie \u2013 7 iunie, pescuitul \u00een scop comercial, recreativ \u015fi familial este interzis inclusiv \u00een complexul Razim-Sinoe \u015fi \u00een lacurile litorale.<br \/>\nPerioada de prohibi\u0163ie a pescuitului se stabile\u015fte \u00een func\u0163ie de perioada de reproducere a resursei acvatice, a\u015fa \u00eenc\u00e2t aceasta s\u0103 fie protejat\u0103, \u00een vederea unei exploat\u0103ri durabile.<br \/>\n\u00cen perioada prohibi\u0163iei, pescarii recreativi \u00ee\u015fi pot desf\u0103\u015fura activitatea \u00een complexe lacustre private, \u00een condi\u0163iile ordinului aprobat de Ministerul Agriculturii \u015fi cel al Mediului.<\/small><\/p><\/blockquote>\n<p><a href=\"https:\/\/i0.wp.com\/paulmelian.de\/blog\/wp-content\/uploads\/2020\/05\/Grinsen.jpg?ssl=1\"><img data-recalc-dims=\"1\" loading=\"lazy\" decoding=\"async\" data-attachment-id=\"4695\" data-permalink=\"https:\/\/paulmelian.de\/blog\/?attachment_id=4695\" data-orig-file=\"https:\/\/i0.wp.com\/paulmelian.de\/blog\/wp-content\/uploads\/2020\/05\/Grinsen.jpg?fit=486%2C720&amp;ssl=1\" data-orig-size=\"486,720\" data-comments-opened=\"1\" data-image-meta=\"{&quot;aperture&quot;:&quot;0&quot;,&quot;credit&quot;:&quot;&quot;,&quot;camera&quot;:&quot;&quot;,&quot;caption&quot;:&quot;&quot;,&quot;created_timestamp&quot;:&quot;0&quot;,&quot;copyright&quot;:&quot;&quot;,&quot;focal_length&quot;:&quot;0&quot;,&quot;iso&quot;:&quot;0&quot;,&quot;shutter_speed&quot;:&quot;0&quot;,&quot;title&quot;:&quot;&quot;,&quot;orientation&quot;:&quot;0&quot;}\" data-image-title=\"Grinsen\" data-image-description=\"\" data-image-caption=\"\" data-large-file=\"https:\/\/i0.wp.com\/paulmelian.de\/blog\/wp-content\/uploads\/2020\/05\/Grinsen.jpg?fit=486%2C720&amp;ssl=1\" src=\"https:\/\/i0.wp.com\/paulmelian.de\/blog\/wp-content\/uploads\/2020\/05\/Grinsen.jpg?resize=203%2C300&#038;ssl=1\" alt=\"\" width=\"203\" height=\"300\" class=\"aligncenter size-medium wp-image-4695\" srcset=\"https:\/\/i0.wp.com\/paulmelian.de\/blog\/wp-content\/uploads\/2020\/05\/Grinsen.jpg?resize=203%2C300&amp;ssl=1 203w, https:\/\/i0.wp.com\/paulmelian.de\/blog\/wp-content\/uploads\/2020\/05\/Grinsen.jpg?w=486&amp;ssl=1 486w\" sizes=\"auto, (max-width: 203px) 100vw, 203px\" \/><\/a><\/p>\n","protected":false},"excerpt":{"rendered":"<p>&#8230;citind aceast\u0103 \u015ftire: Prohibi\u0163ia general\u0103 a pescuitului \u00een Rom\u00e2nia a \u00eenceput mar\u0163i \u00een toate apele naturale din Rom\u00e2nia, conform Ordinului nr. 561\/2023\/11\/2024 aprobat de Ministerul Agriculturii \u015fi Ministerul Mediului, activitatea comercial\u0103 \u015fi recreativ\u0103 urm\u00e2nd s\u0103 fie reluat\u0103 \u00een bazinele naturale &hellip; <a href=\"https:\/\/paulmelian.de\/blog\/?p=6818\">Continu\u0103 s\u0103 cite\u0219ti <span class=\"meta-nav\">&rarr;<\/span><\/a><\/p>\n","protected":false},"author":1,"featured_media":0,"comment_status":"open","ping_status":"open","sticky":false,"template":"","format":"standard","meta":{"ngg_post_thumbnail":0,"jetpack_post_was_ever_published":false,"_jetpack_newsletter_access":"","_jetpack_dont_email_post_to_subs":false,"_jetpack_newsletter_tier_id":0,"_jetpack_memberships_contains_paywalled_content":false,"_jetpack_memberships_contains_paid_content":false,"footnotes":"","jetpack_publicize_message":"","jetpack_publicize_feature_enabled":true,"jetpack_social_post_already_shared":true,"jetpack_social_options":{"image_generator_settings":{"template":"highway","default_image_id":0,"font":"","enabled":false},"version":2}},"categories":[9,6,10,14,1],"tags":[],"class_list":["post-6818","post","type-post","status-publish","format-standard","hentry","category-internautice","category-borituri","category-invatati-dracului-romaneste","category-oameni","category-fara-categorie"],"jetpack_publicize_connections":[],"jetpack_featured_media_url":"","jetpack_sharing_enabled":true,"jetpack_shortlink":"https:\/\/wp.me\/p9mZDH-1LY","jetpack_likes_enabled":true,"jetpack-related-posts":[{"id":1389,"url":"https:\/\/paulmelian.de\/blog\/?p=1389","url_meta":{"origin":6818,"position":0},"title":"Perit-au mili\u0163ienii?","author":"Mihai","date":"11 ianuarie 2016","format":false,"excerpt":"Un nu hot\u0103r\u00e2t. P\u0103str\u00e2ndu-le o amintire pioas\u0103 \u00eenc\u0103 din tinere\u0163e, \u00eemi este u\u015for s\u0103-i recunosc: sunt peste tot, s-au reciclat, s-au aranjat, unii chiar au \u00eentinerit... Pe cei mai simpli dintre ei (fo\u015fti serjen\u0163i sau plotoneri) \u00eei reg\u0103se\u015fti \u00een ghereta portarului la tot felul de institu\u0163ii. Te las\u0103 s\u0103 intri\u2026","rel":"","context":"\u00cen \u201eGeneral\u201d","block_context":{"text":"General","link":"https:\/\/paulmelian.de\/blog\/?cat=8"},"img":{"alt_text":"","src":"","width":0,"height":0},"classes":[]},{"id":200,"url":"https:\/\/paulmelian.de\/blog\/?p=200","url_meta":{"origin":6818,"position":1},"title":"Dreapta \u015fi Drep\u0163ii ei","author":"Mihai","date":"13 aprilie 2014","format":false,"excerpt":"For\u0163ele de dreapta din Rom\u00e2nia parc\u0103 se iau la \u00eentrecere \u00eentr-o campanie de autodistrugere f\u0103r\u0103 precedent. 1. Un partid care se consider\u0103 de dreapta, PNL, \u00ee\u015fi tr\u0103deaz\u0103 \u00een repetate r\u00e2nduri partenerul de guvernare sau aliatul firesc, merg\u00e2nd chiar at\u00e2t de departe \u00eenc\u00e2t se aliaz\u0103 cu cea mai reac\u0163ionar\u0103 grupare din\u2026","rel":"","context":"\u00cen \u201eGeneral\u201d","block_context":{"text":"General","link":"https:\/\/paulmelian.de\/blog\/?cat=8"},"img":{"alt_text":"","src":"","width":0,"height":0},"classes":[]},{"id":4426,"url":"https:\/\/paulmelian.de\/blog\/?p=4426","url_meta":{"origin":6818,"position":2},"title":"Demisie&#8230; prin deces?","author":"Mihai","date":"26 martie 2020","format":false,"excerpt":"Redau integral \u015fi f\u0103r\u0103 nicio modificare textul asociat unei \u015ftiri de la TVR: Ministrul S\u0103n\u0103t\u0103\u021bii, Victor Costache, \u0219i-a dat demisia Ministrul S\u0103n\u0103t\u0103\u021bii, Victor Cosctahe, \u0219i-a dat demisia, a anun\u021bat joi premierul Ludovic Orban. Rom\u00e2nia se afl\u0103 \u00een plin\u0103 epidemie de infec\u021bii cu coronavirus. Conform surselor precizate, secretarul de stat \u00een\u2026","rel":"","context":"\u00cen \u201eGeneral\u201d","block_context":{"text":"General","link":"https:\/\/paulmelian.de\/blog\/?cat=8"},"img":{"alt_text":"","src":"https:\/\/i0.wp.com\/paulmelian.de\/blog\/wp-content\/uploads\/2019\/11\/Sarg.jpg?resize=350%2C200","width":350,"height":200},"classes":[]},{"id":790,"url":"https:\/\/paulmelian.de\/blog\/?p=790","url_meta":{"origin":6818,"position":3},"title":"Mar\u0163ea neagr\u0103","author":"Mihai","date":"3 martie 2015","format":false,"excerpt":"\u0102sta nu mai d\u0103 ortul popii. Sau chiar dac\u0103 \u00eel d\u0103, r\u00e2njetul s\u0103u ne va \u00eenso\u0163i \u015fi dup\u0103 aceea, ziua \u015fi noaptea, asemeni celui al pisicii de Cheshire din cartea lui Lewis Carroll... Actualizare 09.03.15 ICCJ hot\u0103r\u0103\u015fte azi redeschiderea dosarului primei mineriade. Ion Iliescu declarase recent c\u0103 el nu a\u2026","rel":"","context":"\u00cen \u201eGeneral\u201d","block_context":{"text":"General","link":"https:\/\/paulmelian.de\/blog\/?cat=8"},"img":{"alt_text":"image-2010-03-6-6997254-41-pisica-cheshire-3d","src":"https:\/\/i0.wp.com\/paulmelian.de\/blog\/wp-content\/uploads\/2015\/03\/image-2010-03-6-6997254-41-pisica-cheshire-3d1-300x218.jpg?resize=350%2C200","width":350,"height":200},"classes":[]},{"id":1884,"url":"https:\/\/paulmelian.de\/blog\/?p=1884","url_meta":{"origin":6818,"position":4},"title":"Donald Duck + Micky Mouse = Tronta","author":"Mihai","date":"23 ianuarie 2017","format":false,"excerpt":"Donald Trump dovede\u015fte \u00een primele zile ca Pre\u015fedinte al SUA dou\u0103 lucruri. \u00cen primul r\u00e2nd, faptul c\u0103 speran\u0163a celor care afirm\u0103 c\u0103 \"n-o s\u0103 fie chiar a\u015fa de r\u0103u cum se tem unii\" nu este c\u00e2tu\u015fi de pu\u0163in \u00eendrept\u0103\u0163it\u0103. Ba va fi \u015fi mai r\u0103u. \u00cen al doilea r\u00e2nd, \u00een\u2026","rel":"","context":"\u00cen \u201eGeneral\u201d","block_context":{"text":"General","link":"https:\/\/paulmelian.de\/blog\/?cat=8"},"img":{"alt_text":"","src":"https:\/\/i0.wp.com\/paulmelian.de\/blog\/wp-content\/uploads\/2017\/01\/trump-755_v-videowebl-300x169.jpg?resize=350%2C200","width":350,"height":200},"classes":[]},{"id":29,"url":"https:\/\/paulmelian.de\/blog\/?p=29","url_meta":{"origin":6818,"position":5},"title":"Mica schizm\u0103","author":"Mihai","date":"27 decembrie 2008","format":false,"excerpt":"Am hot\u0103r\u00eet \u015fi noi rom\u00e2nii, ca orice popor care se respect\u0103, s\u0103 avem schizma noastr\u0103. \u015ei pentru c\u0103 \u00een religie o atare schizm\u0103 nu-\u015fi mai prea are rostul, odat\u0103 ce biserica greco-catolic\u0103 a fost redus\u0103 la t\u0103cere aproape definitiv, ne-am g\u00e2ndit s\u0103 recurgem la limb\u0103. Lipsa diacriticelor din limbajul scris,\u2026","rel":"","context":"\u00cen \u201eLernt endlich eure Muttersprache! \/ \u00cenv\u0103\u0163a\u0163i-v\u0103 dracului limba matern\u0103!\u201d","block_context":{"text":"Lernt endlich eure Muttersprache! \/ \u00cenv\u0103\u0163a\u0163i-v\u0103 dracului limba matern\u0103!","link":"https:\/\/paulmelian.de\/blog\/?cat=10"},"img":{"alt_text":"","src":"","width":0,"height":0},"classes":[]}],"post_mailing_queue_ids":[],"_links":{"self":[{"href":"https:\/\/paulmelian.de\/blog\/index.php?rest_route=\/wp\/v2\/posts\/6818","targetHints":{"allow":["GET"]}}],"collection":[{"href":"https:\/\/paulmelian.de\/blog\/index.php?rest_route=\/wp\/v2\/posts"}],"about":[{"href":"https:\/\/paulmelian.de\/blog\/index.php?rest_route=\/wp\/v2\/types\/post"}],"author":[{"embeddable":true,"href":"https:\/\/paulmelian.de\/blog\/index.php?rest_route=\/wp\/v2\/users\/1"}],"replies":[{"embeddable":true,"href":"https:\/\/paulmelian.de\/blog\/index.php?rest_route=%2Fwp%2Fv2%2Fcomments&post=6818"}],"version-history":[{"count":4,"href":"https:\/\/paulmelian.de\/blog\/index.php?rest_route=\/wp\/v2\/posts\/6818\/revisions"}],"predecessor-version":[{"id":6822,"href":"https:\/\/paulmelian.de\/blog\/index.php?rest_route=\/wp\/v2\/posts\/6818\/revisions\/6822"}],"wp:attachment":[{"href":"https:\/\/paulmelian.de\/blog\/index.php?rest_route=%2Fwp%2Fv2%2Fmedia&parent=6818"}],"wp:term":[{"taxonomy":"category","embeddable":true,"href":"https:\/\/paulmelian.de\/blog\/index.php?rest_route=%2Fwp%2Fv2%2Fcategories&post=6818"},{"taxonomy":"post_tag","embeddable":true,"href":"https:\/\/paulmelian.de\/blog\/index.php?rest_route=%2Fwp%2Fv2%2Ftags&post=6818"}],"curies":[{"name":"wp","href":"https:\/\/api.w.org\/{rel}","templated":true}]}}