{"id":6869,"date":"2024-07-02T15:01:49","date_gmt":"2024-07-02T13:01:49","guid":{"rendered":"https:\/\/paulmelian.de\/blog\/?p=6869"},"modified":"2024-07-02T15:01:49","modified_gmt":"2024-07-02T13:01:49","slug":"turbulenzen-turbulente","status":"publish","type":"post","link":"https:\/\/paulmelian.de\/blog\/?p=6869","title":{"rendered":"Turbulenzen \/ Turbulen\u0163e"},"content":{"rendered":"<p>Die Anzahl von schweren Luftturbulenzen hat zwischen 1979 und 2020 um 50% <a href=\"https:\/\/www.tagesschau.de\/ausland\/amerika\/brasilien-notgelandetes-flugzeug-100.html\">zugenommen<\/a>. Die Mitglieder der Sekte &#8222;Das Gr\u00fcne ist Rot&#8221; leugnen nach wie vor jeden m\u00f6glichen Einflu\u00df des Klimawandels darauf: &#8222;Es ist blo\u00df das Wetter&#8221;.<\/p>\n<p style=\"text-align: center;\">===<\/p>\n<p>Num\u0103rul turbulen\u0163elor aeriene grave a <a href=\"https:\/\/www.tagesschau.de\/ausland\/amerika\/brasilien-notgelandetes-flugzeug-100.html\">crescut<\/a> \u00eentre 1979 \u015fi 2020 cu 50%. Membrii sectei &#8222;Verdele este Ro\u015fu&#8221; neag\u0103 \u00een continuare orice posibil\u0103 influen\u0163\u0103 a modific\u0103rilor climatice \u00een acest context: &#8222;Este doar vremea&#8221;.<br \/>\n<a href=\"https:\/\/i0.wp.com\/paulmelian.de\/blog\/wp-content\/uploads\/2015\/12\/kopfsand.jpg?ssl=1\"><img data-recalc-dims=\"1\" loading=\"lazy\" decoding=\"async\" data-attachment-id=\"1354\" data-permalink=\"https:\/\/paulmelian.de\/blog\/?attachment_id=1354\" data-orig-file=\"https:\/\/i0.wp.com\/paulmelian.de\/blog\/wp-content\/uploads\/2015\/12\/kopfsand.jpg?fit=393%2C244&amp;ssl=1\" data-orig-size=\"393,244\" data-comments-opened=\"1\" data-image-meta=\"{&quot;aperture&quot;:&quot;0&quot;,&quot;credit&quot;:&quot;&quot;,&quot;camera&quot;:&quot;&quot;,&quot;caption&quot;:&quot;&quot;,&quot;created_timestamp&quot;:&quot;0&quot;,&quot;copyright&quot;:&quot;&quot;,&quot;focal_length&quot;:&quot;0&quot;,&quot;iso&quot;:&quot;0&quot;,&quot;shutter_speed&quot;:&quot;0&quot;,&quot;title&quot;:&quot;&quot;,&quot;orientation&quot;:&quot;0&quot;}\" data-image-title=\"kopfsand\" data-image-description=\"\" data-image-caption=\"\" data-large-file=\"https:\/\/i0.wp.com\/paulmelian.de\/blog\/wp-content\/uploads\/2015\/12\/kopfsand.jpg?fit=393%2C244&amp;ssl=1\" class=\"aligncenter size-medium wp-image-1354\" src=\"https:\/\/i0.wp.com\/paulmelian.de\/blog\/wp-content\/uploads\/2015\/12\/kopfsand.jpg?resize=300%2C186&#038;ssl=1\" alt=\"\" width=\"300\" height=\"186\" srcset=\"https:\/\/i0.wp.com\/paulmelian.de\/blog\/wp-content\/uploads\/2015\/12\/kopfsand.jpg?resize=300%2C186&amp;ssl=1 300w, https:\/\/i0.wp.com\/paulmelian.de\/blog\/wp-content\/uploads\/2015\/12\/kopfsand.jpg?w=393&amp;ssl=1 393w\" sizes=\"auto, (max-width: 300px) 100vw, 300px\" \/><\/a><\/p>\n","protected":false},"excerpt":{"rendered":"<p>Die Anzahl von schweren Luftturbulenzen hat zwischen 1979 und 2020 um 50% zugenommen. Die Mitglieder der Sekte &#8222;Das Gr\u00fcne ist Rot&#8221; leugnen nach wie vor jeden m\u00f6glichen Einflu\u00df des Klimawandels darauf: &#8222;Es ist blo\u00df das Wetter&#8221;. === Num\u0103rul turbulen\u0163elor aeriene &hellip; <a href=\"https:\/\/paulmelian.de\/blog\/?p=6869\">Continu\u0103 s\u0103 cite\u0219ti <span class=\"meta-nav\">&rarr;<\/span><\/a><\/p>\n","protected":false},"author":1,"featured_media":0,"comment_status":"open","ping_status":"open","sticky":false,"template":"","format":"standard","meta":{"ngg_post_thumbnail":0,"jetpack_post_was_ever_published":false,"_jetpack_newsletter_access":"","_jetpack_dont_email_post_to_subs":false,"_jetpack_newsletter_tier_id":0,"_jetpack_memberships_contains_paywalled_content":false,"_jetpack_memberships_contains_paid_content":false,"footnotes":"","jetpack_publicize_message":"","jetpack_publicize_feature_enabled":true,"jetpack_social_post_already_shared":true,"jetpack_social_options":{"image_generator_settings":{"template":"highway","default_image_id":0,"font":"","enabled":false},"version":2}},"categories":[8,9,6,14],"tags":[],"class_list":["post-6869","post","type-post","status-publish","format-standard","hentry","category-general","category-internautice","category-borituri","category-oameni"],"jetpack_publicize_connections":[],"jetpack_featured_media_url":"","jetpack_sharing_enabled":true,"jetpack_shortlink":"https:\/\/wp.me\/p9mZDH-1MN","jetpack_likes_enabled":true,"jetpack-related-posts":[{"id":5174,"url":"https:\/\/paulmelian.de\/blog\/?p=5174","url_meta":{"origin":6869,"position":0},"title":"Ende einer Pandemie \/ Sf\u00e2r\u015fitul unei pandemii","author":"Mihai","date":"30 septembrie 2020","format":false,"excerpt":"Man redet immer h\u00e4ufiger von einem \"sozialen\" (im Gegensatz zum medizinischen) Ende der Pandemien: die Gesellschaft hat auf einmal keine Lust mehr, \"das Theater\" mitzumachen und arrangiert sich mit der Krankheit. Das ist eigentlich gar kein richtiges Ende, sondern \u00e4hnelt vielmehr der \"Heilung\" durch den Psychiater: man bleibt ein (sagen\u2026","rel":"","context":"\u00cen \u201eGeneral\u201d","block_context":{"text":"General","link":"https:\/\/paulmelian.de\/blog\/?cat=8"},"img":{"alt_text":"","src":"https:\/\/i0.wp.com\/paulmelian.de\/blog\/wp-content\/uploads\/2020\/09\/anticorona-300x169.jpg?resize=350%2C200","width":350,"height":200},"classes":[]},{"id":3882,"url":"https:\/\/paulmelian.de\/blog\/?p=3882","url_meta":{"origin":6869,"position":1},"title":"Unser Gott \/ Dumnezeul nostru","author":"Mihai","date":"31 octombrie 2019","format":false,"excerpt":"Adrian Papahagi beantwortet die brennenden Fragen der Menschheit: Warum kocht das Wasser? Wegen der Molekularbewegung, die von einer W\u00e4rmequelle verursacht wird etc. Weil ich mir einen Tee zubereiten will. Die wissenschaftliche Erkl\u00e4rung und die, die an einen sich au\u00dferhalb des Systems befindlichen Denkverm\u00f6gen\/Willen apelliert, schliessen sich gegenseitig nicht aus. Die\u2026","rel":"","context":"\u00cen \u201eGeneral\u201d","block_context":{"text":"General","link":"https:\/\/paulmelian.de\/blog\/?cat=8"},"img":{"alt_text":"","src":"https:\/\/i0.wp.com\/paulmelian.de\/blog\/wp-content\/uploads\/2019\/10\/strafender_gott-300x145.jpg?resize=350%2C200","width":350,"height":200},"classes":[]},{"id":5445,"url":"https:\/\/paulmelian.de\/blog\/?p=5445","url_meta":{"origin":6869,"position":2},"title":"Reinkarnation und anderes Ungemach \/ Reincarnare \u015fi alte belele","author":"Mihai","date":"26 noiembrie 2020","format":false,"excerpt":"Manchmal ist das St\u00f6bern im Internet genauso unergr\u00fcndlich wie die Wege Gottes: man kann \u00fcberhaupt nicht nachvollziehen, wie man dahingekommen ist, wo man sich gerade befindet. Von dem Warum will ich gar nicht reden. Also ger\u00e4t man aus Versehen auf die Seite eines hochintellektuellen Bigotten, liest man aus Neugier einen\u2026","rel":"","context":"\u00cen \u201eInternautisches \/ Internautice\u201d","block_context":{"text":"Internautisches \/ Internautice","link":"https:\/\/paulmelian.de\/blog\/?cat=9"},"img":{"alt_text":"","src":"https:\/\/i0.wp.com\/paulmelian.de\/blog\/wp-content\/uploads\/2020\/11\/Lebensrad.jpg?resize=350%2C200","width":350,"height":200},"classes":[]},{"id":7079,"url":"https:\/\/paulmelian.de\/blog\/?p=7079","url_meta":{"origin":6869,"position":3},"title":"D\u00fcstere Vorahnungen \/ Previziuni sumbre","author":"Mihai","date":"15 ianuarie 2026","format":false,"excerpt":"Die einzige Erkl\u00e4rung f\u00fcr das ungeheuerliche Verhalten von Trump gegen\u00fcber Putins Russland ist eine Mischung von Bewunderung und Angst. Trump ist ein M\u00f6chtegern Diktator und ein Feigling. (Und nein, Trump ist zwar ein Psychopath, aber nicht verr\u00fcckt, d.h. er ist voll zurechnungsf\u00e4hig.) Er wird wohl die Ukraine opfern und mit\u2026","rel":"","context":"\u00cen \u201eGeneral\u201d","block_context":{"text":"General","link":"https:\/\/paulmelian.de\/blog\/?cat=8"},"img":{"alt_text":"","src":"https:\/\/i0.wp.com\/paulmelian.de\/blog\/wp-content\/uploads\/2026\/01\/Mann-Panzer-Tiananmen-300x169.jpg?resize=350%2C200&ssl=1","width":350,"height":200},"classes":[]},{"id":4902,"url":"https:\/\/paulmelian.de\/blog\/?p=4902","url_meta":{"origin":6869,"position":4},"title":"Teutonien \/ Teutonia","author":"Mihai","date":"6 octombrie 2020","format":false,"excerpt":"Es hei\u00dft, jedes Volk hat irgendetwas, wof\u00fcr es sich ganz besonders sch\u00e4men m\u00fcsste. Und keines tut das. Die Spanier haben ihre Corrida, die Ungarn den Orban, die Engl\u00e4nder ihre Monarchie, die Italiener die Mafia, die Amerikaner ihre Glitzer-Kultur, die Franzosen das Gerede um die \u201cGrande Nation\"... Und die Deutschen, fragen\u2026","rel":"","context":"\u00cen \u201eDeutsche Erinnerungen \/ Amintiri din Germania\u201d","block_context":{"text":"Deutsche Erinnerungen \/ Amintiri din Germania","link":"https:\/\/paulmelian.de\/blog\/?cat=2"},"img":{"alt_text":"","src":"https:\/\/i0.wp.com\/paulmelian.de\/blog\/wp-content\/uploads\/2020\/10\/Oktoberfest-2-300x196.jpg?resize=350%2C200","width":350,"height":200},"classes":[]},{"id":3151,"url":"https:\/\/paulmelian.de\/blog\/?p=3151","url_meta":{"origin":6869,"position":5},"title":"Endlich Klarheit! \/ \u00cen sf\u00e2r\u015fit, o clarificare!","author":"Mihai","date":"12 februarie 2019","format":false,"excerpt":"Die Chefin der rum\u00e4nischen Nationalen Agentur f\u00fcr Gleichberechtigung hat vor kurzem zu verstehen gegeben, dass die Frau kein Mensch ist. Was diese tats\u00e4chlich ist, lie\u00df sie jedoch offen... Unsere brennende Neugier auf die Beantwortung dieser Frage wird nunmehr vom rum\u00e4nischen Liedermacher Tudor Gheorghe gestillt. Wie ich das heute in Klausenburg\u2026","rel":"","context":"\u00cen \u201eAntifeminismus \/ Antifeminism\u201d","block_context":{"text":"Antifeminismus \/ Antifeminism","link":"https:\/\/paulmelian.de\/blog\/?cat=4"},"img":{"alt_text":"","src":"https:\/\/i0.wp.com\/paulmelian.de\/blog\/wp-content\/uploads\/2019\/02\/tudor-gheorghe-al-cincilea-anotimp-i43785.jpg?resize=350%2C200","width":350,"height":200},"classes":[]}],"post_mailing_queue_ids":[],"_links":{"self":[{"href":"https:\/\/paulmelian.de\/blog\/index.php?rest_route=\/wp\/v2\/posts\/6869","targetHints":{"allow":["GET"]}}],"collection":[{"href":"https:\/\/paulmelian.de\/blog\/index.php?rest_route=\/wp\/v2\/posts"}],"about":[{"href":"https:\/\/paulmelian.de\/blog\/index.php?rest_route=\/wp\/v2\/types\/post"}],"author":[{"embeddable":true,"href":"https:\/\/paulmelian.de\/blog\/index.php?rest_route=\/wp\/v2\/users\/1"}],"replies":[{"embeddable":true,"href":"https:\/\/paulmelian.de\/blog\/index.php?rest_route=%2Fwp%2Fv2%2Fcomments&post=6869"}],"version-history":[{"count":2,"href":"https:\/\/paulmelian.de\/blog\/index.php?rest_route=\/wp\/v2\/posts\/6869\/revisions"}],"predecessor-version":[{"id":6871,"href":"https:\/\/paulmelian.de\/blog\/index.php?rest_route=\/wp\/v2\/posts\/6869\/revisions\/6871"}],"wp:attachment":[{"href":"https:\/\/paulmelian.de\/blog\/index.php?rest_route=%2Fwp%2Fv2%2Fmedia&parent=6869"}],"wp:term":[{"taxonomy":"category","embeddable":true,"href":"https:\/\/paulmelian.de\/blog\/index.php?rest_route=%2Fwp%2Fv2%2Fcategories&post=6869"},{"taxonomy":"post_tag","embeddable":true,"href":"https:\/\/paulmelian.de\/blog\/index.php?rest_route=%2Fwp%2Fv2%2Ftags&post=6869"}],"curies":[{"name":"wp","href":"https:\/\/api.w.org\/{rel}","templated":true}]}}