{"id":6884,"date":"2024-07-24T13:15:41","date_gmt":"2024-07-24T11:15:41","guid":{"rendered":"https:\/\/paulmelian.de\/blog\/?p=6884"},"modified":"2024-07-24T13:15:41","modified_gmt":"2024-07-24T11:15:41","slug":"atentie-cade-rachete","status":"publish","type":"post","link":"https:\/\/paulmelian.de\/blog\/?p=6884","title":{"rendered":"Aten\u0163ie, cade rachete!"},"content":{"rendered":"<p>V\u0103 mai aminti\u0163i de marea prietenie dintre popoarele rom\u00e2n \u015fi rus? Uite c\u0103 ei ne mai \u0163in minte \u015fi acuma, <a href=\"https:\/\/tvrinfo.ro\/razboi-in-ucraina-tulcea-populatia-avertizata-prin-mesaj-ro-alert-asupra-caderii-de-obiecte-din-spatiul-aerian\/\">ne dau<\/a> \u015fi nou\u0103 c\u00e2te ceva, nu numai ucrainienilor. Oare or fi \u015fi semnate?<a href=\"https:\/\/i0.wp.com\/paulmelian.de\/blog\/wp-content\/uploads\/2024\/07\/RaketeKinder2.jpg?ssl=1\"><img data-recalc-dims=\"1\" loading=\"lazy\" decoding=\"async\" data-attachment-id=\"6885\" data-permalink=\"https:\/\/paulmelian.de\/blog\/?attachment_id=6885\" data-orig-file=\"https:\/\/i0.wp.com\/paulmelian.de\/blog\/wp-content\/uploads\/2024\/07\/RaketeKinder2.jpg?fit=1600%2C1067&amp;ssl=1\" data-orig-size=\"1600,1067\" data-comments-opened=\"1\" data-image-meta=\"{&quot;aperture&quot;:&quot;0&quot;,&quot;credit&quot;:&quot;&quot;,&quot;camera&quot;:&quot;&quot;,&quot;caption&quot;:&quot;&quot;,&quot;created_timestamp&quot;:&quot;0&quot;,&quot;copyright&quot;:&quot;&quot;,&quot;focal_length&quot;:&quot;0&quot;,&quot;iso&quot;:&quot;0&quot;,&quot;shutter_speed&quot;:&quot;0&quot;,&quot;title&quot;:&quot;&quot;,&quot;orientation&quot;:&quot;0&quot;}\" data-image-title=\"RaketeKinder2\" data-image-description=\"\" data-image-caption=\"\" data-large-file=\"https:\/\/i0.wp.com\/paulmelian.de\/blog\/wp-content\/uploads\/2024\/07\/RaketeKinder2.jpg?fit=640%2C427&amp;ssl=1\" src=\"https:\/\/i0.wp.com\/paulmelian.de\/blog\/wp-content\/uploads\/2024\/07\/RaketeKinder2.jpg?resize=300%2C200&#038;ssl=1\" alt=\"\" width=\"300\" height=\"200\" class=\"aligncenter size-medium wp-image-6885\" srcset=\"https:\/\/i0.wp.com\/paulmelian.de\/blog\/wp-content\/uploads\/2024\/07\/RaketeKinder2.jpg?resize=300%2C200&amp;ssl=1 300w, https:\/\/i0.wp.com\/paulmelian.de\/blog\/wp-content\/uploads\/2024\/07\/RaketeKinder2.jpg?resize=1024%2C683&amp;ssl=1 1024w, https:\/\/i0.wp.com\/paulmelian.de\/blog\/wp-content\/uploads\/2024\/07\/RaketeKinder2.jpg?resize=768%2C512&amp;ssl=1 768w, https:\/\/i0.wp.com\/paulmelian.de\/blog\/wp-content\/uploads\/2024\/07\/RaketeKinder2.jpg?resize=1536%2C1024&amp;ssl=1 1536w, https:\/\/i0.wp.com\/paulmelian.de\/blog\/wp-content\/uploads\/2024\/07\/RaketeKinder2.jpg?w=1600&amp;ssl=1 1600w, https:\/\/i0.wp.com\/paulmelian.de\/blog\/wp-content\/uploads\/2024\/07\/RaketeKinder2.jpg?w=1280&amp;ssl=1 1280w\" sizes=\"auto, (max-width: 300px) 100vw, 300px\" \/><\/a><\/p>\n","protected":false},"excerpt":{"rendered":"<p>V\u0103 mai aminti\u0163i de marea prietenie dintre popoarele rom\u00e2n \u015fi rus? Uite c\u0103 ei ne mai \u0163in minte \u015fi acuma, ne dau \u015fi nou\u0103 c\u00e2te ceva, nu numai ucrainienilor. Oare or fi \u015fi semnate?<\/p>\n","protected":false},"author":1,"featured_media":0,"comment_status":"open","ping_status":"open","sticky":false,"template":"","format":"standard","meta":{"ngg_post_thumbnail":0,"jetpack_post_was_ever_published":false,"_jetpack_newsletter_access":"","_jetpack_dont_email_post_to_subs":false,"_jetpack_newsletter_tier_id":0,"_jetpack_memberships_contains_paywalled_content":false,"_jetpack_memberships_contains_paid_content":false,"footnotes":"","jetpack_publicize_message":"","jetpack_publicize_feature_enabled":true,"jetpack_social_post_already_shared":true,"jetpack_social_options":{"image_generator_settings":{"template":"highway","default_image_id":0,"font":"","enabled":false},"version":2}},"categories":[8,9,6,17,19],"tags":[],"class_list":["post-6884","post","type-post","status-publish","format-standard","hentry","category-general","category-internautice","category-borituri","category-politica","category-romania-in-lume"],"jetpack_publicize_connections":[],"jetpack_featured_media_url":"","jetpack_sharing_enabled":true,"jetpack_shortlink":"https:\/\/wp.me\/p9mZDH-1N2","jetpack_likes_enabled":true,"jetpack-related-posts":[{"id":1363,"url":"https:\/\/paulmelian.de\/blog\/?p=1363","url_meta":{"origin":6884,"position":0},"title":"La mul\u0163i ani, Pippi!","author":"Mihai","date":"2 ianuarie 2016","format":false,"excerpt":"TVR ne \u00een\u015ftiin\u0163eaz\u0103 c\u0103 Pippi L\u00e5ngstrump a \u00eemplinit 70 de ani. \u00cen mai toate limbile de circula\u0163ie mondial\u0103, cum ar fi engleza, germana, spaniola \u015fi albaneza, numele de familie al feti\u0163ei este tradus respect\u00e2nd c\u00e2t de c\u00e2t \u00een\u0163elesul dat acestuia, cu toate conota\u0163iile sale, de c\u0103tre Astrid Lindgren: Longstocking, Langstrumpf,\u2026","rel":"","context":"\u00cen \u201eGeneral\u201d","block_context":{"text":"General","link":"https:\/\/paulmelian.de\/blog\/?cat=8"},"img":{"alt_text":"PippiLangstrumpf","src":"https:\/\/i0.wp.com\/paulmelian.de\/blog\/wp-content\/uploads\/2016\/01\/PippiLangstrumpf-185x300.jpg?resize=350%2C200","width":350,"height":200},"classes":[]},{"id":42,"url":"https:\/\/paulmelian.de\/blog\/?p=42","url_meta":{"origin":6884,"position":1},"title":"Sacu\u2019 \u015fi Pet\u2019cu","author":"Mihai","date":"21 ianuarie 2010","format":false,"excerpt":"Prin amabilitatea d-lui Mircea Popescu am primit prin 1 2 3 linkuri ve\u015fti despre ultimul r\u0103zboi din blogosfera rom\u00e2na. La fel cum pe timpul r\u0103zboiului rece Uniunea Sovietic\u0103 (care \u00een vremea aceea practica una dintre cele mai agresive \u015fi murdare politici externe din istoria omenirii) se sim\u0163ea \u00eenconjurat\u0103 \u015fi \u00eencol\u0163it\u0103\u2026","rel":"","context":"\u00cen \u201eInternautisches \/ Internautice\u201d","block_context":{"text":"Internautisches \/ Internautice","link":"https:\/\/paulmelian.de\/blog\/?cat=9"},"img":{"alt_text":"","src":"","width":0,"height":0},"classes":[]},{"id":3858,"url":"https:\/\/paulmelian.de\/blog\/?p=3858","url_meta":{"origin":6884,"position":2},"title":"H\u00e2rburi \u015fi oale sparte","author":"Mihai","date":"14 octombrie 2019","format":false,"excerpt":"Deosebit de interesant este faptul c\u0103 tocmai cei mai intoleran\u0163i reprezentan\u0163i ai \"dreptei\" rom\u00e2ne\u015fti, \u00een frunte cu \u00eencr\u00e2ncenatul Adrian Papahagi, \u00eei acuz\u0103 pe to\u0163i cei care nu sunt de acord cu ei, de intoleran\u0163\u0103. Ei \u00ee\u015fi permit s\u0103 categoriseasc\u0103 orice curent umanist, social, cu adev\u0103rat cre\u015ftin, progresist, liberal, drept \"marxism\".\u2026","rel":"","context":"\u00cen \u201eGeneral\u201d","block_context":{"text":"General","link":"https:\/\/paulmelian.de\/blog\/?cat=8"},"img":{"alt_text":"","src":"https:\/\/i0.wp.com\/paulmelian.de\/blog\/wp-content\/uploads\/2017\/12\/Cap-de-lemn-225x300.jpg?resize=350%2C200","width":350,"height":200},"classes":[]},{"id":6647,"url":"https:\/\/paulmelian.de\/blog\/?p=6647","url_meta":{"origin":6884,"position":3},"title":"Minimalism maximal(ist)","author":"Mihai","date":"26 ianuarie 2024","format":false,"excerpt":"Es gibt kein richtiges Leben im falschen T.W. Adorno Un pic adaptat la ceea ce doresc s\u0103 scriu azi: Nu exist\u0103 adev\u0103r \u00een minciun\u0103. S\u00e2mburele de adev\u0103r, folosit pentru a disimula manipularea, \u00ee\u015fi pierde calitatea de a fi adev\u0103r, pentru c\u0103 se \u00eendreapt\u0103 \u00eempotriva adev\u0103rului. Iar manipularea este, \u00een ochii\u2026","rel":"","context":"\u00cen \u201eGeneral\u201d","block_context":{"text":"General","link":"https:\/\/paulmelian.de\/blog\/?cat=8"},"img":{"alt_text":"","src":"https:\/\/i0.wp.com\/paulmelian.de\/blog\/wp-content\/uploads\/2024\/01\/Manipulation-300x196.jpg?resize=350%2C200&ssl=1","width":350,"height":200},"classes":[]},{"id":182,"url":"https:\/\/paulmelian.de\/blog\/?p=182","url_meta":{"origin":6884,"position":4},"title":"Adio, Ca\u0163avencilor. Sunte\u0163i pe lista mea neagr\u0103.","author":"Mihai","date":"23 ianuarie 2014","format":false,"excerpt":"Autor: Mihai De fiecare dat\u0103 c\u00e2nd apare c\u00e2te un caz mai r\u0103sun\u0103tor de dare \u015fi luare de \u015fpag\u0103, plebea \u00eencepe s\u0103 urle. De mass media nici nu mai vorbesc. Unii url\u0103 de indignare, dup\u0103 tipicul: \u201eUnde-am ajuns, dac\u0103 p\u00e2n\u0103 \u015fi \u0103\u015ftia au \u00eenceput s\u0103 ia \u015fpag\u0103!\u201c, \u00een timp ce ceilal\u0163i\u2026","rel":"","context":"\u00cen \u201eGeneral\u201d","block_context":{"text":"General","link":"https:\/\/paulmelian.de\/blog\/?cat=8"},"img":{"alt_text":"","src":"","width":0,"height":0},"classes":[]},{"id":29,"url":"https:\/\/paulmelian.de\/blog\/?p=29","url_meta":{"origin":6884,"position":5},"title":"Mica schizm\u0103","author":"Mihai","date":"27 decembrie 2008","format":false,"excerpt":"Am hot\u0103r\u00eet \u015fi noi rom\u00e2nii, ca orice popor care se respect\u0103, s\u0103 avem schizma noastr\u0103. \u015ei pentru c\u0103 \u00een religie o atare schizm\u0103 nu-\u015fi mai prea are rostul, odat\u0103 ce biserica greco-catolic\u0103 a fost redus\u0103 la t\u0103cere aproape definitiv, ne-am g\u00e2ndit s\u0103 recurgem la limb\u0103. Lipsa diacriticelor din limbajul scris,\u2026","rel":"","context":"\u00cen \u201eLernt endlich eure Muttersprache! \/ \u00cenv\u0103\u0163a\u0163i-v\u0103 dracului limba matern\u0103!\u201d","block_context":{"text":"Lernt endlich eure Muttersprache! \/ \u00cenv\u0103\u0163a\u0163i-v\u0103 dracului limba matern\u0103!","link":"https:\/\/paulmelian.de\/blog\/?cat=10"},"img":{"alt_text":"","src":"","width":0,"height":0},"classes":[]}],"post_mailing_queue_ids":[],"_links":{"self":[{"href":"https:\/\/paulmelian.de\/blog\/index.php?rest_route=\/wp\/v2\/posts\/6884","targetHints":{"allow":["GET"]}}],"collection":[{"href":"https:\/\/paulmelian.de\/blog\/index.php?rest_route=\/wp\/v2\/posts"}],"about":[{"href":"https:\/\/paulmelian.de\/blog\/index.php?rest_route=\/wp\/v2\/types\/post"}],"author":[{"embeddable":true,"href":"https:\/\/paulmelian.de\/blog\/index.php?rest_route=\/wp\/v2\/users\/1"}],"replies":[{"embeddable":true,"href":"https:\/\/paulmelian.de\/blog\/index.php?rest_route=%2Fwp%2Fv2%2Fcomments&post=6884"}],"version-history":[{"count":1,"href":"https:\/\/paulmelian.de\/blog\/index.php?rest_route=\/wp\/v2\/posts\/6884\/revisions"}],"predecessor-version":[{"id":6886,"href":"https:\/\/paulmelian.de\/blog\/index.php?rest_route=\/wp\/v2\/posts\/6884\/revisions\/6886"}],"wp:attachment":[{"href":"https:\/\/paulmelian.de\/blog\/index.php?rest_route=%2Fwp%2Fv2%2Fmedia&parent=6884"}],"wp:term":[{"taxonomy":"category","embeddable":true,"href":"https:\/\/paulmelian.de\/blog\/index.php?rest_route=%2Fwp%2Fv2%2Fcategories&post=6884"},{"taxonomy":"post_tag","embeddable":true,"href":"https:\/\/paulmelian.de\/blog\/index.php?rest_route=%2Fwp%2Fv2%2Ftags&post=6884"}],"curies":[{"name":"wp","href":"https:\/\/api.w.org\/{rel}","templated":true}]}}