{"id":6908,"date":"2024-08-07T16:21:43","date_gmt":"2024-08-07T14:21:43","guid":{"rendered":"https:\/\/paulmelian.de\/blog\/?p=6908"},"modified":"2024-08-07T16:21:43","modified_gmt":"2024-08-07T14:21:43","slug":"clar","status":"publish","type":"post","link":"https:\/\/paulmelian.de\/blog\/?p=6908","title":{"rendered":"Clar?"},"content":{"rendered":"<p>Fi-v-ar <a href=\"https:\/\/tvrinfo.ro\/bnr-prognoza-actualizata-releva-perspectiva-continuarii-scaderii-ratei-anuale-a-inflatiei-pe-o-traiectorie-mai-joasa\/\">limba voastr\u0103 de lemn<\/a> a dracului s\u0103 v\u0103 fie:<\/p>\n<blockquote><p><small>Prognoza actualizat\u0103 relev\u0103 perspectiva continu\u0103rii sc\u0103derii ratei anuale a infla\u0163iei pe o traiectorie mai joas\u0103 dec\u00e2t cea eviden\u0163iat\u0103 \u00een proiec\u0163ia precedent\u0103, mai cu seam\u0103 pe orizontul apropiat de timp<\/small><\/p><\/blockquote>\n<p><a href=\"https:\/\/i0.wp.com\/paulmelian.de\/blog\/wp-content\/uploads\/2023\/06\/Limba-de-lemn2.jpg?ssl=1\"><img data-recalc-dims=\"1\" loading=\"lazy\" decoding=\"async\" data-attachment-id=\"6443\" data-permalink=\"https:\/\/paulmelian.de\/blog\/?attachment_id=6443\" data-orig-file=\"https:\/\/i0.wp.com\/paulmelian.de\/blog\/wp-content\/uploads\/2023\/06\/Limba-de-lemn2.jpg?fit=300%2C253&amp;ssl=1\" data-orig-size=\"300,253\" data-comments-opened=\"1\" data-image-meta=\"{&quot;aperture&quot;:&quot;0&quot;,&quot;credit&quot;:&quot;&quot;,&quot;camera&quot;:&quot;&quot;,&quot;caption&quot;:&quot;&quot;,&quot;created_timestamp&quot;:&quot;0&quot;,&quot;copyright&quot;:&quot;&quot;,&quot;focal_length&quot;:&quot;0&quot;,&quot;iso&quot;:&quot;0&quot;,&quot;shutter_speed&quot;:&quot;0&quot;,&quot;title&quot;:&quot;&quot;,&quot;orientation&quot;:&quot;0&quot;}\" data-image-title=\"Limba de lemn2\" data-image-description=\"\" data-image-caption=\"\" data-large-file=\"https:\/\/i0.wp.com\/paulmelian.de\/blog\/wp-content\/uploads\/2023\/06\/Limba-de-lemn2.jpg?fit=300%2C253&amp;ssl=1\" src=\"https:\/\/i0.wp.com\/paulmelian.de\/blog\/wp-content\/uploads\/2023\/06\/Limba-de-lemn2.jpg?resize=300%2C253&#038;ssl=1\" alt=\"\" width=\"300\" height=\"253\" class=\"aligncenter size-full wp-image-6443\" \/><\/a><\/p>\n","protected":false},"excerpt":{"rendered":"<p>Fi-v-ar limba voastr\u0103 de lemn a dracului s\u0103 v\u0103 fie: Prognoza actualizat\u0103 relev\u0103 perspectiva continu\u0103rii sc\u0103derii ratei anuale a infla\u0163iei pe o traiectorie mai joas\u0103 dec\u00e2t cea eviden\u0163iat\u0103 \u00een proiec\u0163ia precedent\u0103, mai cu seam\u0103 pe orizontul apropiat de timp<\/p>\n","protected":false},"author":1,"featured_media":0,"comment_status":"open","ping_status":"open","sticky":false,"template":"","format":"standard","meta":{"ngg_post_thumbnail":0,"jetpack_post_was_ever_published":false,"_jetpack_newsletter_access":"","_jetpack_dont_email_post_to_subs":false,"_jetpack_newsletter_tier_id":0,"_jetpack_memberships_contains_paywalled_content":false,"_jetpack_memberships_contains_paid_content":false,"footnotes":"","jetpack_publicize_message":"","jetpack_publicize_feature_enabled":true,"jetpack_social_post_already_shared":true,"jetpack_social_options":{"image_generator_settings":{"template":"highway","default_image_id":0,"font":"","enabled":false},"version":2}},"categories":[9,6,10,14,1,17,19],"tags":[],"class_list":["post-6908","post","type-post","status-publish","format-standard","hentry","category-internautice","category-borituri","category-invatati-dracului-romaneste","category-oameni","category-fara-categorie","category-politica","category-romania-in-lume"],"jetpack_publicize_connections":[],"jetpack_featured_media_url":"","jetpack_sharing_enabled":true,"jetpack_shortlink":"https:\/\/wp.me\/s9mZDH-clar","jetpack_likes_enabled":true,"jetpack-related-posts":[{"id":4099,"url":"https:\/\/paulmelian.de\/blog\/?p=4099","url_meta":{"origin":6908,"position":0},"title":"Mo\u015ftenirea lui Van Ghelie?","author":"Mihai","date":"10 decembrie 2019","format":false,"excerpt":"Dac\u0103 a\u0163i ini\u0163ia, lucru foarte pu\u0163in probabil, o afi\u015fare a tuturor post\u0103rilor la categoria \"Lernt endlich eure Muttersprache! \/ \u00cenv\u0103\u0163a\u0163i-v\u0103 dracului limba matern\u0103!\" de pe acest blog, a\u0163i putea constata c\u0103 o mare parte din exemplele referitoare la limba de lemn sunt furnizate de c\u0103tre pagina de \u015ftiri a TVR.\u2026","rel":"","context":"\u00cen \u201eGeneral\u201d","block_context":{"text":"General","link":"https:\/\/paulmelian.de\/blog\/?cat=8"},"img":{"alt_text":"","src":"https:\/\/i0.wp.com\/paulmelian.de\/blog\/wp-content\/uploads\/2019\/12\/limba-de-lemn.jpg?resize=350%2C200","width":350,"height":200},"classes":[]},{"id":1963,"url":"https:\/\/paulmelian.de\/blog\/?p=1963","url_meta":{"origin":6908,"position":1},"title":"O, tempora&#8230;","author":"Mihai","date":"21 martie 2017","format":false,"excerpt":"\u00cenc\u0103 o mare distinc\u0163ie pentru d-na Nora Iuga: Pre\u015fedintele Klaus Iohannis a decorat-o ca pe o mare poet\u0103. Asta chiar c\u0103 nu \u015ftiam. Nora Iuga poet\u0103? Eu o \u015ftiam doar traduc\u0103toare (execrabil\u0103) din german\u0103 \u015fi prozatoare penibil\u0103. Drept ce se consider\u0103 domnia sa \u00eens\u0103\u015fi afl\u0103m din propria declara\u0163ie: \u201c[ ]\u00cen\u2026","rel":"","context":"\u00cen \u201eAntifeminismus \/ Antifeminism\u201d","block_context":{"text":"Antifeminismus \/ Antifeminism","link":"https:\/\/paulmelian.de\/blog\/?cat=4"},"img":{"alt_text":"","src":"","width":0,"height":0},"classes":[]},{"id":160,"url":"https:\/\/paulmelian.de\/blog\/?p=160","url_meta":{"origin":6908,"position":2},"title":"Care pe care","author":"Mihai","date":"14 decembrie 2013","format":false,"excerpt":"Dac\u0103 \u00eendr\u0103zne\u015fti cumva s\u0103 scrii \"cartea care o citesc\", sar o droaie de de\u015ftep\u0163i \u015fi te corecteaz\u0103: \"Am senza\u0163ia c\u0103 nu \u015fti rom\u00e2ne\u015fte! Care este dec\u00e2t nominativ. Mai \u00eenva\u0163\u0103 p\u00e2n\u0103 nu \u015fti! Acuzativul se folose\u015fte dec\u00e2t cu pe.\" Dracu s\u0103 v\u0103 ocupe cupeul vostru.","rel":"","context":"\u00cen \u201eGeneral\u201d","block_context":{"text":"General","link":"https:\/\/paulmelian.de\/blog\/?cat=8"},"img":{"alt_text":"","src":"","width":0,"height":0},"classes":[]},{"id":800,"url":"https:\/\/paulmelian.de\/blog\/?p=800","url_meta":{"origin":6908,"position":3},"title":"Unde am ajuns","author":"Mihai","date":"4 martie 2015","format":false,"excerpt":"Pe vremuri erai pl\u0103tit dac\u0103 munceai. Mai nou zice c\u0103 te pl\u0103te\u015fte ca s\u0103 munce\u015fti. O tempora...","rel":"","context":"\u00cen \u201eGeneral\u201d","block_context":{"text":"General","link":"https:\/\/paulmelian.de\/blog\/?cat=8"},"img":{"alt_text":"","src":"","width":0,"height":0},"classes":[]},{"id":2834,"url":"https:\/\/paulmelian.de\/blog\/?p=2834","url_meta":{"origin":6908,"position":4},"title":"Pa\u015ftele \u015fi Dumnezeii vo\u015ftri&#8230;","author":"Mihai","date":"21 mai 2018","format":false,"excerpt":"...de agrama\u0163i. Pe l\u00e2ng\u0103 c\u0103 fura\u0163i ca-n codru, min\u0163i\u0163i de \u00eenghea\u0163\u0103 apele \u015fi nu cunoa\u015fte\u0163i nici un fel de ru\u015fine, mai \u015fi st\u00e2lci\u0163i limba rom\u00e2n\u0103, distrug\u00e2nd \u00eencet-\u00eencet \u015fi ultimul lucru care m\u0103 mai leag\u0103 de \u0163ara asta nenorocit\u0103. \u201eAvem propuneri s\u0103 \u00eembun\u0103t\u0103\u021bim mecanismul \u0219i discut\u0103m, facem analize interne. Nu exist\u0103\u2026","rel":"","context":"\u00cen \u201eGeneral\u201d","block_context":{"text":"General","link":"https:\/\/paulmelian.de\/blog\/?cat=8"},"img":{"alt_text":"","src":"","width":0,"height":0},"classes":[]},{"id":217,"url":"https:\/\/paulmelian.de\/blog\/?p=217","url_meta":{"origin":6908,"position":5},"title":"Rezisten\u0163a rom\u00e2n\u0103","author":"Mihai","date":"18 iunie 2014","format":false,"excerpt":"C\u00e2nd ni\u015fte reporteri agrama\u0163i iau interviuri unor medici la fel de agrama\u0163i, atunci afli tot felul de chestii haioase. Printre altele \u015fi faptul c\u0103 din ce \u00een ce mai mul\u0163i rom\u00e2ni sunt rezisten\u0163i la antibiotice. (Linkuri nu v\u0103 mai dau, mai c\u0103uta\u0163i \u015fi singuri.) P\u0103i eu credeam c\u0103 suntem doar\u2026","rel":"","context":"\u00cen \u201eGeneral\u201d","block_context":{"text":"General","link":"https:\/\/paulmelian.de\/blog\/?cat=8"},"img":{"alt_text":"","src":"","width":0,"height":0},"classes":[]}],"post_mailing_queue_ids":[],"_links":{"self":[{"href":"https:\/\/paulmelian.de\/blog\/index.php?rest_route=\/wp\/v2\/posts\/6908","targetHints":{"allow":["GET"]}}],"collection":[{"href":"https:\/\/paulmelian.de\/blog\/index.php?rest_route=\/wp\/v2\/posts"}],"about":[{"href":"https:\/\/paulmelian.de\/blog\/index.php?rest_route=\/wp\/v2\/types\/post"}],"author":[{"embeddable":true,"href":"https:\/\/paulmelian.de\/blog\/index.php?rest_route=\/wp\/v2\/users\/1"}],"replies":[{"embeddable":true,"href":"https:\/\/paulmelian.de\/blog\/index.php?rest_route=%2Fwp%2Fv2%2Fcomments&post=6908"}],"version-history":[{"count":2,"href":"https:\/\/paulmelian.de\/blog\/index.php?rest_route=\/wp\/v2\/posts\/6908\/revisions"}],"predecessor-version":[{"id":6911,"href":"https:\/\/paulmelian.de\/blog\/index.php?rest_route=\/wp\/v2\/posts\/6908\/revisions\/6911"}],"wp:attachment":[{"href":"https:\/\/paulmelian.de\/blog\/index.php?rest_route=%2Fwp%2Fv2%2Fmedia&parent=6908"}],"wp:term":[{"taxonomy":"category","embeddable":true,"href":"https:\/\/paulmelian.de\/blog\/index.php?rest_route=%2Fwp%2Fv2%2Fcategories&post=6908"},{"taxonomy":"post_tag","embeddable":true,"href":"https:\/\/paulmelian.de\/blog\/index.php?rest_route=%2Fwp%2Fv2%2Ftags&post=6908"}],"curies":[{"name":"wp","href":"https:\/\/api.w.org\/{rel}","templated":true}]}}