{"id":6913,"date":"2024-08-12T15:44:47","date_gmt":"2024-08-12T13:44:47","guid":{"rendered":"https:\/\/paulmelian.de\/blog\/?p=6913"},"modified":"2024-08-12T15:44:47","modified_gmt":"2024-08-12T13:44:47","slug":"frohe-ferien-vacanta-placuta","status":"publish","type":"post","link":"https:\/\/paulmelian.de\/blog\/?p=6913","title":{"rendered":"Frohe Ferien! \/ Vacan\u0163\u0103 pl\u0103cut\u0103!"},"content":{"rendered":"<p><a href=\"https:\/\/www.tagesschau.de\/ausland\/asien\/nordkorea-russland-ferienlager-100.html\">Das<\/a> g\u00f6nne ich ihnen, sie haben es verdient. Ich hoffe demn\u00e4chst auf \u00e4hnliche Veranstaltungen in Iran und S\u00fcdjemen.<\/p>\n<p style=\"text-align: center;\">===<\/p>\n<p>M\u0103 bucur pentru ei, <a href=\"https:\/\/www.tagesschau.de\/ausland\/asien\/nordkorea-russland-ferienlager-100.html\">asta<\/a> este chiar ceea ce merit\u0103. Sper ca \u00een cur\u00e2nd s\u0103 se organizeze evenimente asem\u0103n\u0103toare \u00een Iran \u015fi Yemenul de sud.<a href=\"https:\/\/i0.wp.com\/paulmelian.de\/blog\/wp-content\/uploads\/2024\/08\/Ferien-Nordkorea.jpg?ssl=1\"><img data-recalc-dims=\"1\" loading=\"lazy\" decoding=\"async\" data-attachment-id=\"6914\" data-permalink=\"https:\/\/paulmelian.de\/blog\/?attachment_id=6914\" data-orig-file=\"https:\/\/i0.wp.com\/paulmelian.de\/blog\/wp-content\/uploads\/2024\/08\/Ferien-Nordkorea.jpg?fit=1170%2C457&amp;ssl=1\" data-orig-size=\"1170,457\" data-comments-opened=\"1\" data-image-meta=\"{&quot;aperture&quot;:&quot;0&quot;,&quot;credit&quot;:&quot;&quot;,&quot;camera&quot;:&quot;&quot;,&quot;caption&quot;:&quot;&quot;,&quot;created_timestamp&quot;:&quot;0&quot;,&quot;copyright&quot;:&quot;&quot;,&quot;focal_length&quot;:&quot;0&quot;,&quot;iso&quot;:&quot;0&quot;,&quot;shutter_speed&quot;:&quot;0&quot;,&quot;title&quot;:&quot;&quot;,&quot;orientation&quot;:&quot;0&quot;}\" data-image-title=\"Ferien Nordkorea\" data-image-description=\"\" data-image-caption=\"\" data-large-file=\"https:\/\/i0.wp.com\/paulmelian.de\/blog\/wp-content\/uploads\/2024\/08\/Ferien-Nordkorea.jpg?fit=640%2C250&amp;ssl=1\" class=\"aligncenter size-medium wp-image-6914\" src=\"https:\/\/i0.wp.com\/paulmelian.de\/blog\/wp-content\/uploads\/2024\/08\/Ferien-Nordkorea.jpg?resize=300%2C117&#038;ssl=1\" alt=\"\" width=\"300\" height=\"117\" srcset=\"https:\/\/i0.wp.com\/paulmelian.de\/blog\/wp-content\/uploads\/2024\/08\/Ferien-Nordkorea.jpg?resize=300%2C117&amp;ssl=1 300w, https:\/\/i0.wp.com\/paulmelian.de\/blog\/wp-content\/uploads\/2024\/08\/Ferien-Nordkorea.jpg?resize=1024%2C400&amp;ssl=1 1024w, https:\/\/i0.wp.com\/paulmelian.de\/blog\/wp-content\/uploads\/2024\/08\/Ferien-Nordkorea.jpg?resize=768%2C300&amp;ssl=1 768w, https:\/\/i0.wp.com\/paulmelian.de\/blog\/wp-content\/uploads\/2024\/08\/Ferien-Nordkorea.jpg?w=1170&amp;ssl=1 1170w\" sizes=\"auto, (max-width: 300px) 100vw, 300px\" \/><\/a><\/p>\n","protected":false},"excerpt":{"rendered":"<p>Das g\u00f6nne ich ihnen, sie haben es verdient. Ich hoffe demn\u00e4chst auf \u00e4hnliche Veranstaltungen in Iran und S\u00fcdjemen. === M\u0103 bucur pentru ei, asta este chiar ceea ce merit\u0103. Sper ca \u00een cur\u00e2nd s\u0103 se organizeze evenimente asem\u0103n\u0103toare \u00een Iran &hellip; <a href=\"https:\/\/paulmelian.de\/blog\/?p=6913\">Continu\u0103 s\u0103 cite\u0219ti <span class=\"meta-nav\">&rarr;<\/span><\/a><\/p>\n","protected":false},"author":1,"featured_media":0,"comment_status":"open","ping_status":"open","sticky":false,"template":"","format":"standard","meta":{"ngg_post_thumbnail":0,"jetpack_post_was_ever_published":false,"_jetpack_newsletter_access":"","_jetpack_dont_email_post_to_subs":false,"_jetpack_newsletter_tier_id":0,"_jetpack_memberships_contains_paywalled_content":false,"_jetpack_memberships_contains_paid_content":false,"footnotes":"","jetpack_publicize_message":"","jetpack_publicize_feature_enabled":true,"jetpack_social_post_already_shared":true,"jetpack_social_options":{"image_generator_settings":{"template":"highway","default_image_id":0,"font":"","enabled":false},"version":2}},"categories":[9,6,14,17],"tags":[],"class_list":["post-6913","post","type-post","status-publish","format-standard","hentry","category-internautice","category-borituri","category-oameni","category-politica"],"jetpack_publicize_connections":[],"jetpack_featured_media_url":"","jetpack_sharing_enabled":true,"jetpack_shortlink":"https:\/\/wp.me\/p9mZDH-1Nv","jetpack_likes_enabled":true,"jetpack-related-posts":[{"id":4213,"url":"https:\/\/paulmelian.de\/blog\/?p=4213","url_meta":{"origin":6913,"position":0},"title":"Vorschlag","author":"Mihai","date":"8 ianuarie 2020","format":false,"excerpt":"Iran hat ein Kopfgeld von 80 Millionen Dollar auf Trump gesetzt. Ich denke, die Menschheit kommt mit dieser Summe noch billig davon, wenn man bedenkt, was Trump uns alles kosten k\u00f6nnte. Die Amis sollten die ersten sein, die sich dar\u00fcber freuen. Und man braucht ihn gar nicht umzubringen, meine ich\u2026","rel":"","context":"\u00cen \u201eGeneral\u201d","block_context":{"text":"General","link":"https:\/\/paulmelian.de\/blog\/?cat=8"},"img":{"alt_text":"","src":"https:\/\/i0.wp.com\/paulmelian.de\/blog\/wp-content\/uploads\/2020\/01\/Trump-300x169.jpg?resize=350%2C200","width":350,"height":200},"classes":[]},{"id":6566,"url":"https:\/\/paulmelian.de\/blog\/?p=6566","url_meta":{"origin":6913,"position":1},"title":"Auf dem Holzweg \/ Pe ar\u0103tur\u0103","author":"Mihai","date":"26 octombrie 2023","format":false,"excerpt":"F\u00fcr den geopolitischen Analytiker George Friedman ist der Krieg in der Ukraine \"vorbei\", jedoch niemand wei\u00df wie er ihn \"beenden\" k\u00f6nnte. Nach seinem letzen Vorschlag sollten die Amerikaner sich an das Ende des Zweiten Weltkrieges erinnern und - insbesondere - an die Art und Weise, wie sie den besiegten Nationen\u2026","rel":"","context":"\u00cen \u201eGeneral\u201d","block_context":{"text":"General","link":"https:\/\/paulmelian.de\/blog\/?cat=8"},"img":{"alt_text":"","src":"https:\/\/i0.wp.com\/paulmelian.de\/blog\/wp-content\/uploads\/2023\/10\/Holzweg-300x99.jpg?resize=350%2C200&ssl=1","width":350,"height":200},"classes":[]},{"id":7166,"url":"https:\/\/paulmelian.de\/blog\/?p=7166","url_meta":{"origin":6913,"position":2},"title":"Das Zweite Leben (1)","author":"Mihai","date":"6 martie 2026","format":false,"excerpt":"Mein neues Leben fing Anfang 1975 in Bonn an, als ich, 27 Jahre alt, mit einem Koffer in der Hand und mit 700 Mark in der Brieftasche, mich von der \u00fcbrigen rum\u00e4nischen Delegation abgesetzt habe. Es war der Moment der gro\u00dfen Befreiung: Ich hatte bis zu diesem Zeitpunkt nicht richtig\u2026","rel":"","context":"\u00cen \u201eDeutsche Erinnerungen \/ Amintiri din Germania\u201d","block_context":{"text":"Deutsche Erinnerungen \/ Amintiri din Germania","link":"https:\/\/paulmelian.de\/blog\/?cat=2"},"img":{"alt_text":"","src":"","width":0,"height":0},"classes":[]},{"id":7170,"url":"https:\/\/paulmelian.de\/blog\/?p=7170","url_meta":{"origin":6913,"position":3},"title":"Bonner Kochclub, 1975","author":"Mihai","date":"8 martie 2026","format":false,"excerpt":"In den Siebzigern bin ich in Bonn f\u00fcr einige Zeit in eine kosmopolite Gesellschaft geraten, so eine Art intellektuell angehauchten Kochclub. Die Gastgeberin war Sekret\u00e4rin im Ausw\u00e4rtigen Amt, w\u00e4hlte gr\u00fcn und war die geheime Geliebte eines hohen CDU-Parteifunktion\u00e4rs. Der heutige Koch war der Libanese Abdel Nour, ein Botschaftsangeh\u00f6riger, Kulturattach\u00e9 oder\u2026","rel":"","context":"\u00cen \u201eDeutsche Erinnerungen \/ Amintiri din Germania\u201d","block_context":{"text":"Deutsche Erinnerungen \/ Amintiri din Germania","link":"https:\/\/paulmelian.de\/blog\/?cat=2"},"img":{"alt_text":"","src":"","width":0,"height":0},"classes":[]},{"id":4742,"url":"https:\/\/paulmelian.de\/blog\/?p=4742","url_meta":{"origin":6913,"position":4},"title":"Mondfinsternis \/ Eclips\u0103 de lun\u0103","author":"Mihai","date":"25 mai 2020","format":false,"excerpt":"Da ich im Moment wenig Zeit habe, etwas Neues zu schreiben, habe ich wieder eine \u00e4ltere Geschichte ausgegraben. Mondfinsternis Kurz nach acht Uhr morgens klingelte es. Ich guckte durchs Fenster. Am Tor war schon wieder dieser Knirps auf dem Fahrrad, der einem L\u00f6cher in den Bauch fragt. Er hielt sich\u2026","rel":"","context":"\u00cen \u201eDeutsche Erinnerungen \/ Amintiri din Germania\u201d","block_context":{"text":"Deutsche Erinnerungen \/ Amintiri din Germania","link":"https:\/\/paulmelian.de\/blog\/?cat=2"},"img":{"alt_text":"","src":"https:\/\/i0.wp.com\/paulmelian.de\/blog\/wp-content\/uploads\/2020\/05\/Mondfinsternis-300x300.jpg?resize=350%2C200","width":350,"height":200},"classes":[]},{"id":77,"url":"https:\/\/paulmelian.de\/blog\/?p=77","url_meta":{"origin":6913,"position":5},"title":"Pozi\u0163ia &#8222;oficial\u0103&#8221; a d-nei(d-lui?) Shugar","author":"Mihai","date":"29 ianuarie 2012","format":false,"excerpt":"Voi traduce acest mesaj de\u00eendat\u0103 ce voi reu\u015fi s\u0103 g\u0103sesc un dic\u0163ionar german-rom\u00e2n de gre\u015feli ortografice \u015fi ortoepice. Altfel n-am nici o \u015fans\u0103. M.L. Ich werde diese Nachricht\u00a0\u00fcbersetzen, sobald ich ein deutsch-rum\u00e4nisches W\u00f6rterbuch f\u00fcr Orthographie- und\u00a0Orthoepiefehler finde. Ansonsten habe ich keine Chance. \u00a0 ====================================== Hallo an alle die diesen \"....\"\u2026","rel":"","context":"\u00cen \u201eGeneral\u201d","block_context":{"text":"General","link":"https:\/\/paulmelian.de\/blog\/?cat=8"},"img":{"alt_text":"","src":"","width":0,"height":0},"classes":[]}],"post_mailing_queue_ids":[],"_links":{"self":[{"href":"https:\/\/paulmelian.de\/blog\/index.php?rest_route=\/wp\/v2\/posts\/6913","targetHints":{"allow":["GET"]}}],"collection":[{"href":"https:\/\/paulmelian.de\/blog\/index.php?rest_route=\/wp\/v2\/posts"}],"about":[{"href":"https:\/\/paulmelian.de\/blog\/index.php?rest_route=\/wp\/v2\/types\/post"}],"author":[{"embeddable":true,"href":"https:\/\/paulmelian.de\/blog\/index.php?rest_route=\/wp\/v2\/users\/1"}],"replies":[{"embeddable":true,"href":"https:\/\/paulmelian.de\/blog\/index.php?rest_route=%2Fwp%2Fv2%2Fcomments&post=6913"}],"version-history":[{"count":1,"href":"https:\/\/paulmelian.de\/blog\/index.php?rest_route=\/wp\/v2\/posts\/6913\/revisions"}],"predecessor-version":[{"id":6915,"href":"https:\/\/paulmelian.de\/blog\/index.php?rest_route=\/wp\/v2\/posts\/6913\/revisions\/6915"}],"wp:attachment":[{"href":"https:\/\/paulmelian.de\/blog\/index.php?rest_route=%2Fwp%2Fv2%2Fmedia&parent=6913"}],"wp:term":[{"taxonomy":"category","embeddable":true,"href":"https:\/\/paulmelian.de\/blog\/index.php?rest_route=%2Fwp%2Fv2%2Fcategories&post=6913"},{"taxonomy":"post_tag","embeddable":true,"href":"https:\/\/paulmelian.de\/blog\/index.php?rest_route=%2Fwp%2Fv2%2Ftags&post=6913"}],"curies":[{"name":"wp","href":"https:\/\/api.w.org\/{rel}","templated":true}]}}