{"id":6925,"date":"2024-09-07T15:10:30","date_gmt":"2024-09-07T13:10:30","guid":{"rendered":"https:\/\/paulmelian.de\/blog\/?p=6925"},"modified":"2024-09-07T15:10:30","modified_gmt":"2024-09-07T13:10:30","slug":"propunere","status":"publish","type":"post","link":"https:\/\/paulmelian.de\/blog\/?p=6925","title":{"rendered":"Propunere"},"content":{"rendered":"<p><a href=\"https:\/\/tvrinfo.ro\/o-pacienta-plecata-cu-ambulanta-la-o-operatie-de-ocluzie-intestinala-a-scapat-de-interventie-datorita-drumului-cu-gropi\/\">Povestea<\/a> pe scurt: o pacient\u0103 din Zal\u0103u, care prezenta simptome de ocluzie intestinal\u0103, a fost transportat\u0103 cu ambulan\u0163a la Bra\u015fov(!) pentru a fi tratat\u0103 acolo. Zdruncin\u0103turile de pe drum au produs \u00eens\u0103 deblocarea intestinului \u015fi au f\u0103cut interven\u0163ia de prisos.<br \/>\nCitind \u015ftirea, m-au n\u0103p\u0103dit tot felul de g\u00e2nduri.<br \/>\nMi-am amintit cum, prin anii &#8217;80, merg\u00e2nd cu ma\u015fina de la Arad la Cluj, am fost prins \u00eentr-un dop de circula\u0163ie la vreo 20 de km de Oradea. O ma\u015fin\u0103 r\u0103sturnat\u0103 \u00een peisaj, mili\u0163ie \u015fi o droaie de gur\u0103-casc\u0103. O victim\u0103 a fost \u00eenc\u0103rcat\u0103 sub supravegherea unui mili\u0163ian, \u00eempreun\u0103 cu o persoan\u0103 \u00eenso\u0163itoare, \u00eentr-o dubi\u0163\u0103 aflat\u0103 \u00eent\u00e2mpl\u0103tor acolo. Cum picioarele victimei nu \u00eenc\u0103puser\u0103 \u00een\u0103untru, dubi\u0163a a pornit la drum, cu u\u015file din spate deschise \u015fi cu picioarele b\u0103l\u0103b\u0103nindu-se \u00een afar\u0103. Am mers \u00eencet \u00een spatele lor p\u00e2n\u0103 la Oradea, evit\u00e2nd s\u0103-i dep\u0103\u015fesc, cu teama c\u0103 r\u0103nitul ar fi putut aluneca \u015fi c\u0103dea \u00eenapoi pe \u015fosea.<br \/>\nCe vremuri.<br \/>\nAzi exist\u0103 ambulan\u0163e, \u015fi chiar vin dac\u0103 le chemi. Un vecin din sat profit\u0103 de asta \u015fi \u00ee\u015fi pune copilul s\u0103 mimeze dureri de burt\u0103 ori de c\u00e2te ori vrea s\u0103 mearg\u0103 la Cluj, dup\u0103 care sun\u0103 la 112. P\u00e2n\u0103 acum i-a mers. Iar drumul de la Zal\u0103u la Bra\u015fov, pentru a fi tratat de medicul preferat, pare u\u015for de justificat.<br \/>\nMi-am pus \u015fi o \u00eentrebare. Cu toate c\u0103 pericolul eradic\u0103rii totale a gropilor din asfalt pare mai degrab\u0103 de natur\u0103 teoretic\u0103, ar trebui, totu\u015fi, \u0163inut cont de el. Pentru a putea beneficia \u015fi pe viitor de efectele pozitive ale zdruncin\u0103turilor, paturile de bolnavi din ambulan\u0163e ar putea fi prev\u0103zute cu o plac\u0103 vibratoare, de preferin\u0163\u0103 electric\u0103, care ar putea fi conectat\u0103 la nevoie \u00een cazurile c\u00e2nd asfaltul este prea neted.<br \/>\n<a href=\"https:\/\/i0.wp.com\/paulmelian.de\/blog\/wp-content\/uploads\/2024\/09\/Placa-vibranta.jpg?ssl=1\"><img data-recalc-dims=\"1\" loading=\"lazy\" decoding=\"async\" data-attachment-id=\"6926\" data-permalink=\"https:\/\/paulmelian.de\/blog\/?attachment_id=6926\" data-orig-file=\"https:\/\/i0.wp.com\/paulmelian.de\/blog\/wp-content\/uploads\/2024\/09\/Placa-vibranta.jpg?fit=423%2C356&amp;ssl=1\" data-orig-size=\"423,356\" data-comments-opened=\"1\" data-image-meta=\"{&quot;aperture&quot;:&quot;0&quot;,&quot;credit&quot;:&quot;&quot;,&quot;camera&quot;:&quot;&quot;,&quot;caption&quot;:&quot;&quot;,&quot;created_timestamp&quot;:&quot;0&quot;,&quot;copyright&quot;:&quot;&quot;,&quot;focal_length&quot;:&quot;0&quot;,&quot;iso&quot;:&quot;0&quot;,&quot;shutter_speed&quot;:&quot;0&quot;,&quot;title&quot;:&quot;&quot;,&quot;orientation&quot;:&quot;0&quot;}\" data-image-title=\"Placa vibranta\" data-image-description=\"\" data-image-caption=\"\" data-large-file=\"https:\/\/i0.wp.com\/paulmelian.de\/blog\/wp-content\/uploads\/2024\/09\/Placa-vibranta.jpg?fit=423%2C356&amp;ssl=1\" src=\"https:\/\/i0.wp.com\/paulmelian.de\/blog\/wp-content\/uploads\/2024\/09\/Placa-vibranta.jpg?resize=300%2C252&#038;ssl=1\" alt=\"\" width=\"300\" height=\"252\" class=\"aligncenter size-medium wp-image-6926\" srcset=\"https:\/\/i0.wp.com\/paulmelian.de\/blog\/wp-content\/uploads\/2024\/09\/Placa-vibranta.jpg?resize=300%2C252&amp;ssl=1 300w, https:\/\/i0.wp.com\/paulmelian.de\/blog\/wp-content\/uploads\/2024\/09\/Placa-vibranta.jpg?w=423&amp;ssl=1 423w\" sizes=\"auto, (max-width: 300px) 100vw, 300px\" \/><\/a><\/p>\n","protected":false},"excerpt":{"rendered":"<p>Povestea pe scurt: o pacient\u0103 din Zal\u0103u, care prezenta simptome de ocluzie intestinal\u0103, a fost transportat\u0103 cu ambulan\u0163a la Bra\u015fov(!) pentru a fi tratat\u0103 acolo. Zdruncin\u0103turile de pe drum au produs \u00eens\u0103 deblocarea intestinului \u015fi au f\u0103cut interven\u0163ia de prisos. &hellip; <a href=\"https:\/\/paulmelian.de\/blog\/?p=6925\">Continu\u0103 s\u0103 cite\u0219ti <span class=\"meta-nav\">&rarr;<\/span><\/a><\/p>\n","protected":false},"author":1,"featured_media":0,"comment_status":"open","ping_status":"open","sticky":false,"template":"","format":"standard","meta":{"ngg_post_thumbnail":0,"jetpack_post_was_ever_published":false,"_jetpack_newsletter_access":"","_jetpack_dont_email_post_to_subs":false,"_jetpack_newsletter_tier_id":0,"_jetpack_memberships_contains_paywalled_content":false,"_jetpack_memberships_contains_paid_content":false,"footnotes":"","jetpack_publicize_message":"","jetpack_publicize_feature_enabled":true,"jetpack_social_post_already_shared":true,"jetpack_social_options":{"image_generator_settings":{"template":"highway","default_image_id":0,"font":"","enabled":false},"version":2}},"categories":[8,9,6,14,19],"tags":[],"class_list":["post-6925","post","type-post","status-publish","format-standard","hentry","category-general","category-internautice","category-borituri","category-oameni","category-romania-in-lume"],"jetpack_publicize_connections":[],"jetpack_featured_media_url":"","jetpack_sharing_enabled":true,"jetpack_shortlink":"https:\/\/wp.me\/p9mZDH-1NH","jetpack_likes_enabled":true,"jetpack-related-posts":[{"id":4622,"url":"https:\/\/paulmelian.de\/blog\/?p=4622","url_meta":{"origin":6925,"position":0},"title":"Prezum\u0163ia de vinov\u0103\u0163ie","author":"Mihai","date":"6 mai 2020","format":false,"excerpt":"Decizia CEDO, potrivit c\u0103reia d-nei Laura Codru\u0163a K\u00f6vesi i-au fost \u00eenc\u0103lcate, \u00een procedura demiterii sale de la conducerea DNA, dou\u0103 drepturi fundamentale, arunc\u0103 activitatea CCR \u00een aceast\u0103 privin\u0163\u0103 \u00eentr-o lumin\u0103 nu prea favorabil\u0103. (Despre Ling\u0103urel Toader s\u0103 nici nu mai vorbim, cazul s\u0103u este mai mult dec\u00e2t clar. El, s\u0103racul,\u2026","rel":"","context":"\u00cen \u201eGeneral\u201d","block_context":{"text":"General","link":"https:\/\/paulmelian.de\/blog\/?cat=8"},"img":{"alt_text":"","src":"https:\/\/i0.wp.com\/paulmelian.de\/blog\/wp-content\/uploads\/2020\/05\/Justitia-283x300.jpg?resize=350%2C200","width":350,"height":200},"classes":[]},{"id":184,"url":"https:\/\/paulmelian.de\/blog\/?p=184","url_meta":{"origin":6925,"position":1},"title":"Mafyotu sa dus la nunta lu Figaro","author":"StelyStu Mafyot","date":"28 ianuarie 2014","format":false,"excerpt":"Autor: $tely$tu Mafyot deci numai pot de nervi la ce rai si tepari sau facut oameni dela noi deaicea pe zona uite ceam patit zic sa stie lumea sa nu faca ca mine deci ma suna niste tovarasi care iam cunoscut la noi la peluza a fost la meciu care\u2026","rel":"","context":"\u00cen \u201eCol\u0163u' manelomanului\u201d","block_context":{"text":"Col\u0163u' manelomanului","link":"https:\/\/paulmelian.de\/blog\/?cat=7"},"img":{"alt_text":"","src":"","width":0,"height":0},"classes":[]},{"id":6856,"url":"https:\/\/paulmelian.de\/blog\/?p=6856","url_meta":{"origin":6925,"position":2},"title":"R\u0103zbunarea chinezului. Adio, www.contributors.ro","author":"Mihai","date":"2 iulie 2024","format":false,"excerpt":"Platforma www.contributors.ro mi-a trezit interesul acum mai bine de zece ani, at\u00e2t prin diversitatea \u015fi calitatea articolelor, c\u00e2t \u015fi prin faptul c\u0103 numero\u015fi autori erau dispu\u015fi s\u0103 comunice de la egal la egal cu comentatorii. Ba am scris chiar eu \u00eensumi acolo un articola\u015f referitor la alegerile din Germania din\u2026","rel":"","context":"\u00cen \u201eGeneral\u201d","block_context":{"text":"General","link":"https:\/\/paulmelian.de\/blog\/?cat=8"},"img":{"alt_text":"","src":"","width":0,"height":0},"classes":[]},{"id":167,"url":"https:\/\/paulmelian.de\/blog\/?p=167","url_meta":{"origin":6925,"position":3},"title":"Jurnalul lui Alfred Rosenberg (Fragment)","author":"Mihai","date":"19 decembrie 2013","format":false,"excerpt":"1936 25.4.[1936] La data de 25 am vorbit pentru a doua oar\u0103 la Ordensburg* Cr\u00f6ssinsee** \u00een fa\u0163a Kreisleiter***-ilor. A fost pentru mine o satisfac\u0163ie profund\u0103 cum s-au antrenat. Dar \u015fi cum au \u00een\u0163eles, atunci c\u00e2nd am \u00eenl\u0103turat c\u00e2teva dintre considera\u0163iile istorice \u00eenc\u0103 r\u0103sp\u00e2ndite. Duritatea interioar\u0103 m-a costat ani de zile\u2026","rel":"","context":"\u00cen \u201eGeneral\u201d","block_context":{"text":"General","link":"https:\/\/paulmelian.de\/blog\/?cat=8"},"img":{"alt_text":"","src":"","width":0,"height":0},"classes":[]},{"id":1389,"url":"https:\/\/paulmelian.de\/blog\/?p=1389","url_meta":{"origin":6925,"position":4},"title":"Perit-au mili\u0163ienii?","author":"Mihai","date":"11 ianuarie 2016","format":false,"excerpt":"Un nu hot\u0103r\u00e2t. P\u0103str\u00e2ndu-le o amintire pioas\u0103 \u00eenc\u0103 din tinere\u0163e, \u00eemi este u\u015for s\u0103-i recunosc: sunt peste tot, s-au reciclat, s-au aranjat, unii chiar au \u00eentinerit... Pe cei mai simpli dintre ei (fo\u015fti serjen\u0163i sau plotoneri) \u00eei reg\u0103se\u015fti \u00een ghereta portarului la tot felul de institu\u0163ii. Te las\u0103 s\u0103 intri\u2026","rel":"","context":"\u00cen \u201eGeneral\u201d","block_context":{"text":"General","link":"https:\/\/paulmelian.de\/blog\/?cat=8"},"img":{"alt_text":"","src":"","width":0,"height":0},"classes":[]},{"id":2771,"url":"https:\/\/paulmelian.de\/blog\/?p=2771","url_meta":{"origin":6925,"position":5},"title":"Via\u0163a \u00een oglind\u0103","author":"Mihai","date":"6 martie 2018","format":false,"excerpt":"Dup\u0103 o ruptur\u0103 de ligamente la um\u0103rul drept \u015fi opera\u0163ia de rigoare, trebuie s\u0103 sprijin bra\u0163ul drept pe o ortez\u0103 de m\u0103rimea unui ghiozdan de \u015fcolar, zi \u015fi noapte. Gabaritul m\u0103rit m\u0103 face s\u0103 m\u0103 lovesc de toate cele, iar faptul c\u0103 sunt silit s\u0103 folosesc exclusiv m\u00e2na st\u00e2ng\u0103 transform\u0103\u2026","rel":"","context":"\u00cen \u201eGeneral\u201d","block_context":{"text":"General","link":"https:\/\/paulmelian.de\/blog\/?cat=8"},"img":{"alt_text":"","src":"https:\/\/i0.wp.com\/paulmelian.de\/blog\/wp-content\/uploads\/2018\/03\/Screen-Shot-03-06-18-at-10.48-AM.png?resize=350%2C200","width":350,"height":200},"classes":[]}],"post_mailing_queue_ids":[],"_links":{"self":[{"href":"https:\/\/paulmelian.de\/blog\/index.php?rest_route=\/wp\/v2\/posts\/6925","targetHints":{"allow":["GET"]}}],"collection":[{"href":"https:\/\/paulmelian.de\/blog\/index.php?rest_route=\/wp\/v2\/posts"}],"about":[{"href":"https:\/\/paulmelian.de\/blog\/index.php?rest_route=\/wp\/v2\/types\/post"}],"author":[{"embeddable":true,"href":"https:\/\/paulmelian.de\/blog\/index.php?rest_route=\/wp\/v2\/users\/1"}],"replies":[{"embeddable":true,"href":"https:\/\/paulmelian.de\/blog\/index.php?rest_route=%2Fwp%2Fv2%2Fcomments&post=6925"}],"version-history":[{"count":2,"href":"https:\/\/paulmelian.de\/blog\/index.php?rest_route=\/wp\/v2\/posts\/6925\/revisions"}],"predecessor-version":[{"id":6929,"href":"https:\/\/paulmelian.de\/blog\/index.php?rest_route=\/wp\/v2\/posts\/6925\/revisions\/6929"}],"wp:attachment":[{"href":"https:\/\/paulmelian.de\/blog\/index.php?rest_route=%2Fwp%2Fv2%2Fmedia&parent=6925"}],"wp:term":[{"taxonomy":"category","embeddable":true,"href":"https:\/\/paulmelian.de\/blog\/index.php?rest_route=%2Fwp%2Fv2%2Fcategories&post=6925"},{"taxonomy":"post_tag","embeddable":true,"href":"https:\/\/paulmelian.de\/blog\/index.php?rest_route=%2Fwp%2Fv2%2Ftags&post=6925"}],"curies":[{"name":"wp","href":"https:\/\/api.w.org\/{rel}","templated":true}]}}