{"id":6963,"date":"2024-11-29T09:08:10","date_gmt":"2024-11-29T07:08:10","guid":{"rendered":"https:\/\/paulmelian.de\/blog\/?p=6963"},"modified":"2024-12-10T15:27:40","modified_gmt":"2024-12-10T13:27:40","slug":"cacaraii-strike-again","status":"publish","type":"post","link":"https:\/\/paulmelian.de\/blog\/?p=6963","title":{"rendered":"C\u0103C\u0103R\u0103ii strike again"},"content":{"rendered":"<p>Se zvone\u015fte c\u0103 suma coeficien\u0163ilor de inteligen\u0163\u0103 a membrilor CCR ar fi cam de 700. Hai, c\u0103 merge \u015fi a\u015fa.<br \/>\nC\u00e2t prive\u015fte coeficientul mediu de etic\u0103 profesional\u0103, acesta are o valoare negativ\u0103, pe care, din discre\u0163ie, nu dorim s\u0103 o dezv\u0103luim aici.<br \/>\n<a href=\"https:\/\/i0.wp.com\/paulmelian.de\/blog\/wp-content\/uploads\/2024\/11\/CCR.jpg?ssl=1\"><img data-recalc-dims=\"1\" loading=\"lazy\" decoding=\"async\" data-attachment-id=\"6964\" data-permalink=\"https:\/\/paulmelian.de\/blog\/?attachment_id=6964\" data-orig-file=\"https:\/\/i0.wp.com\/paulmelian.de\/blog\/wp-content\/uploads\/2024\/11\/CCR.jpg?fit=1356%2C398&amp;ssl=1\" data-orig-size=\"1356,398\" data-comments-opened=\"1\" data-image-meta=\"{&quot;aperture&quot;:&quot;0&quot;,&quot;credit&quot;:&quot;&quot;,&quot;camera&quot;:&quot;&quot;,&quot;caption&quot;:&quot;&quot;,&quot;created_timestamp&quot;:&quot;0&quot;,&quot;copyright&quot;:&quot;&quot;,&quot;focal_length&quot;:&quot;0&quot;,&quot;iso&quot;:&quot;0&quot;,&quot;shutter_speed&quot;:&quot;0&quot;,&quot;title&quot;:&quot;&quot;,&quot;orientation&quot;:&quot;0&quot;}\" data-image-title=\"CCR\" data-image-description=\"\" data-image-caption=\"\" data-large-file=\"https:\/\/i0.wp.com\/paulmelian.de\/blog\/wp-content\/uploads\/2024\/11\/CCR.jpg?fit=640%2C188&amp;ssl=1\" src=\"https:\/\/i0.wp.com\/paulmelian.de\/blog\/wp-content\/uploads\/2024\/11\/CCR.jpg?resize=600%2C176&#038;ssl=1\" alt=\"\" width=\"600\" height=\"176\" class=\"aligncenter size-medium wp-image-6964\" srcset=\"https:\/\/i0.wp.com\/paulmelian.de\/blog\/wp-content\/uploads\/2024\/11\/CCR.jpg?resize=300%2C88&amp;ssl=1 300w, https:\/\/i0.wp.com\/paulmelian.de\/blog\/wp-content\/uploads\/2024\/11\/CCR.jpg?resize=1024%2C301&amp;ssl=1 1024w, https:\/\/i0.wp.com\/paulmelian.de\/blog\/wp-content\/uploads\/2024\/11\/CCR.jpg?resize=768%2C225&amp;ssl=1 768w, https:\/\/i0.wp.com\/paulmelian.de\/blog\/wp-content\/uploads\/2024\/11\/CCR.jpg?w=1356&amp;ssl=1 1356w, https:\/\/i0.wp.com\/paulmelian.de\/blog\/wp-content\/uploads\/2024\/11\/CCR.jpg?w=1280&amp;ssl=1 1280w\" sizes=\"auto, (max-width: 600px) 100vw, 600px\" \/><\/a><\/p>\n","protected":false},"excerpt":{"rendered":"<p>Se zvone\u015fte c\u0103 suma coeficien\u0163ilor de inteligen\u0163\u0103 a membrilor CCR ar fi cam de 700. Hai, c\u0103 merge \u015fi a\u015fa. C\u00e2t prive\u015fte coeficientul mediu de etic\u0103 profesional\u0103, acesta are o valoare negativ\u0103, pe care, din discre\u0163ie, nu dorim s\u0103 o &hellip; <a href=\"https:\/\/paulmelian.de\/blog\/?p=6963\">Continu\u0103 s\u0103 cite\u0219ti <span class=\"meta-nav\">&rarr;<\/span><\/a><\/p>\n","protected":false},"author":1,"featured_media":0,"comment_status":"open","ping_status":"open","sticky":false,"template":"","format":"standard","meta":{"ngg_post_thumbnail":0,"jetpack_post_was_ever_published":false,"_jetpack_newsletter_access":"","_jetpack_dont_email_post_to_subs":false,"_jetpack_newsletter_tier_id":0,"_jetpack_memberships_contains_paywalled_content":false,"_jetpack_memberships_contains_paid_content":false,"footnotes":"","jetpack_publicize_message":"","jetpack_publicize_feature_enabled":true,"jetpack_social_post_already_shared":true,"jetpack_social_options":{"image_generator_settings":{"template":"highway","default_image_id":0,"font":"","enabled":false},"version":2}},"categories":[8,9,6,14,17,19],"tags":[],"class_list":["post-6963","post","type-post","status-publish","format-standard","hentry","category-general","category-internautice","category-borituri","category-oameni","category-politica","category-romania-in-lume"],"jetpack_publicize_connections":[],"jetpack_featured_media_url":"","jetpack_sharing_enabled":true,"jetpack_shortlink":"https:\/\/wp.me\/p9mZDH-1Oj","jetpack_likes_enabled":true,"jetpack-related-posts":[{"id":24,"url":"https:\/\/paulmelian.de\/blog\/?p=24","url_meta":{"origin":6963,"position":0},"title":"Despre \u00eenceputurile integr\u0103rii europene, la \u0163ar\u0103","author":"Mihai","date":"22 decembrie 2008","format":false,"excerpt":"Mi-o z\u00e2s oaminii c\u0103 primarele comunii Jupui\u015f mer\u00e8 odat\u0103 cu motoru \u00eenspe satu B\u0103l\u0103ce\u015fti, despe care auz\u00e2se el, c\u0103 doar\u0103 l-o ales t\u0103\u0163i \u0163\u0103ranii din patru sate, numa c\u0103 nu p\u00e8 cuno\u015ft\u00e8 drumu, c\u0103 nu-l m\u00e2nase \u00eenc\u0103 p-acolo. Table d-elea de pleu \u00eendic\u0103toare nu-s, c\u0103 le-o furat mai p\u00e2n nou\u0103\u015ftri\u2026","rel":"","context":"\u00cen \u201eTouristenattraktionen \/ Atrac\u0163ii turistice\u201d","block_context":{"text":"Touristenattraktionen \/ Atrac\u0163ii turistice","link":"https:\/\/paulmelian.de\/blog\/?cat=5"},"img":{"alt_text":"","src":"","width":0,"height":0},"classes":[]},{"id":1963,"url":"https:\/\/paulmelian.de\/blog\/?p=1963","url_meta":{"origin":6963,"position":1},"title":"O, tempora&#8230;","author":"Mihai","date":"21 martie 2017","format":false,"excerpt":"\u00cenc\u0103 o mare distinc\u0163ie pentru d-na Nora Iuga: Pre\u015fedintele Klaus Iohannis a decorat-o ca pe o mare poet\u0103. Asta chiar c\u0103 nu \u015ftiam. Nora Iuga poet\u0103? Eu o \u015ftiam doar traduc\u0103toare (execrabil\u0103) din german\u0103 \u015fi prozatoare penibil\u0103. Drept ce se consider\u0103 domnia sa \u00eens\u0103\u015fi afl\u0103m din propria declara\u0163ie: \u201c[ ]\u00cen\u2026","rel":"","context":"\u00cen \u201eAntifeminismus \/ Antifeminism\u201d","block_context":{"text":"Antifeminismus \/ Antifeminism","link":"https:\/\/paulmelian.de\/blog\/?cat=4"},"img":{"alt_text":"","src":"","width":0,"height":0},"classes":[]},{"id":44,"url":"https:\/\/paulmelian.de\/blog\/?p=44","url_meta":{"origin":6963,"position":2},"title":"Herta M\u00fcller la Graz, 13.01.2010","author":"Mihai","date":"24 ianuarie 2010","format":false,"excerpt":"La 13 ianuarie, a\u015ftept\u00e2nd \u00eembarcarea \u00een avionul M\u00fcnchen-Graz, am v\u0103zut-o pe Herta M\u00fcller. Era, \u00een orice caz, cineva care \u00eei sem\u0103na foarte mult, o doamn\u0103 de vreo 50 de ani, scund\u0103, zvelt\u0103, brunet\u0103, cu o frizur\u0103 aparte \u015fi cu nas acvilin. Era \u00eenso\u0163it\u0103 de un b\u0103rbat cu vreo zece ani\u2026","rel":"","context":"\u00cen \u201eMenschen \/ Oameni\u201d","block_context":{"text":"Menschen \/ Oameni","link":"https:\/\/paulmelian.de\/blog\/?cat=14"},"img":{"alt_text":"","src":"","width":0,"height":0},"classes":[]},{"id":1902,"url":"https:\/\/paulmelian.de\/blog\/?p=1902","url_meta":{"origin":6963,"position":3},"title":"Trimite\u0163i silfida berlinez\u0103 \u00een Siria!","author":"Mihai","date":"31 ianuarie 2017","format":false,"excerpt":"Poate a\u015fa ar ajunge d-na Alina Mungiu-Pippidi s\u0103 se l\u0103mureasc\u0103, \u00een sf\u00e2r\u015fit, ce \u00eenseamn\u0103 \"r\u0103zboi civil\". Cu toate c\u0103 i-am atras aten\u0163ia deja acu' vreun an jumate c\u0103 asta este o inep\u0163ie, ea persevereaz\u0103 \u00een gre\u015feal\u0103. Ba se mai \u015fi mir\u0103 c\u0103 n-o ia lumea \u00een serios. Am \u00eencercat s-o\u2026","rel":"","context":"\u00cen \u201eGeneral\u201d","block_context":{"text":"General","link":"https:\/\/paulmelian.de\/blog\/?cat=8"},"img":{"alt_text":"","src":"","width":0,"height":0},"classes":[]},{"id":86,"url":"https:\/\/paulmelian.de\/blog\/?p=86","url_meta":{"origin":6963,"position":4},"title":"Poveste babilonic\u0103","author":"Mihai","date":"11 februarie 2012","format":false,"excerpt":"Petric\u0103 are vreo patruzeci de ani, ni\u015fte m\u00e2ini ca lope\u0163ile \u015fi mintea unui copil de opt ani. Este \u00een stare s\u0103 fac\u0103 praf orice scul\u0103 cu care lucreaz\u0103, chiar \u015fi o rang\u0103 de fier. (\u015ei-a atins \u00eens\u0103 limitele acum vreo zece ani, c\u00e2nd a \u00eencercat s\u0103 opreasc\u0103 o betonier\u0103 cu\u2026","rel":"","context":"\u00cen \u201eGeneral\u201d","block_context":{"text":"General","link":"https:\/\/paulmelian.de\/blog\/?cat=8"},"img":{"alt_text":"","src":"","width":0,"height":0},"classes":[]},{"id":1549,"url":"https:\/\/paulmelian.de\/blog\/?p=1549","url_meta":{"origin":6963,"position":5},"title":"Certitudinile unui certocrat","author":"Mihai","date":"29 septembrie 2016","format":false,"excerpt":"Dorin Tudoran a revenit de cur\u00e2nd \u00een blogosfer\u0103 dup\u0103 o absen\u0163\u0103 destul de \u00eendelungat\u0103. \u00cen lipsa unei actvit\u0103\u0163i notabile a du\u015fmanilor s\u0103i tradi\u0163ionali (Vladimir Tism\u0103neanu tace, Elena Udrea e la p\u0103m\u00e2nt, Traian B\u0103sescu s-a descalificat singur) ne scrie c\u00e2te ceva despre America. [ ]Ahmad Khan Rahami a fost prins ast\u0103zi,\u2026","rel":"","context":"\u00cen \u201eGeneral\u201d","block_context":{"text":"General","link":"https:\/\/paulmelian.de\/blog\/?cat=8"},"img":{"alt_text":"","src":"","width":0,"height":0},"classes":[]}],"post_mailing_queue_ids":[],"_links":{"self":[{"href":"https:\/\/paulmelian.de\/blog\/index.php?rest_route=\/wp\/v2\/posts\/6963","targetHints":{"allow":["GET"]}}],"collection":[{"href":"https:\/\/paulmelian.de\/blog\/index.php?rest_route=\/wp\/v2\/posts"}],"about":[{"href":"https:\/\/paulmelian.de\/blog\/index.php?rest_route=\/wp\/v2\/types\/post"}],"author":[{"embeddable":true,"href":"https:\/\/paulmelian.de\/blog\/index.php?rest_route=\/wp\/v2\/users\/1"}],"replies":[{"embeddable":true,"href":"https:\/\/paulmelian.de\/blog\/index.php?rest_route=%2Fwp%2Fv2%2Fcomments&post=6963"}],"version-history":[{"count":5,"href":"https:\/\/paulmelian.de\/blog\/index.php?rest_route=\/wp\/v2\/posts\/6963\/revisions"}],"predecessor-version":[{"id":6967,"href":"https:\/\/paulmelian.de\/blog\/index.php?rest_route=\/wp\/v2\/posts\/6963\/revisions\/6967"}],"wp:attachment":[{"href":"https:\/\/paulmelian.de\/blog\/index.php?rest_route=%2Fwp%2Fv2%2Fmedia&parent=6963"}],"wp:term":[{"taxonomy":"category","embeddable":true,"href":"https:\/\/paulmelian.de\/blog\/index.php?rest_route=%2Fwp%2Fv2%2Fcategories&post=6963"},{"taxonomy":"post_tag","embeddable":true,"href":"https:\/\/paulmelian.de\/blog\/index.php?rest_route=%2Fwp%2Fv2%2Ftags&post=6963"}],"curies":[{"name":"wp","href":"https:\/\/api.w.org\/{rel}","templated":true}]}}