{"id":7003,"date":"2025-01-08T08:54:49","date_gmt":"2025-01-08T06:54:49","guid":{"rendered":"https:\/\/paulmelian.de\/blog\/?p=7003"},"modified":"2025-01-08T08:54:49","modified_gmt":"2025-01-08T06:54:49","slug":"vreau-si-eu-ucraina-mea","status":"publish","type":"post","link":"https:\/\/paulmelian.de\/blog\/?p=7003","title":{"rendered":"Vreau \u015fi eu Ucraina mea!"},"content":{"rendered":"<p>A\u015fa pare c\u0103 g\u00e2nde\u015fte Donald Trump c\u00e2nd <a href=\"https:\/\/tvrinfo.ro\/trump-avem-nevoie-de-groenlanda-si-de-canalul-panama-pentru-securitatea-economica-premierul-danez-sa-cooperam-in-cadrul-nato\/\">\u00ee\u015fi tr\u0103deaz\u0103<\/a> fanteziile expansioniste. At\u00e2t doar c\u0103&#8230; <em>g\u00e2nde\u015fte<\/em>? Cred c\u0103 am exagerat pu\u0163in.<\/p>\n<p><a href=\"https:\/\/i0.wp.com\/paulmelian.de\/blog\/wp-content\/uploads\/2025\/01\/Canada.jpg?ssl=1\"><img data-recalc-dims=\"1\" loading=\"lazy\" decoding=\"async\" data-attachment-id=\"7004\" data-permalink=\"https:\/\/paulmelian.de\/blog\/?attachment_id=7004\" data-orig-file=\"https:\/\/i0.wp.com\/paulmelian.de\/blog\/wp-content\/uploads\/2025\/01\/Canada.jpg?fit=1013%2C1013&amp;ssl=1\" data-orig-size=\"1013,1013\" data-comments-opened=\"1\" data-image-meta=\"{&quot;aperture&quot;:&quot;0&quot;,&quot;credit&quot;:&quot;&quot;,&quot;camera&quot;:&quot;&quot;,&quot;caption&quot;:&quot;&quot;,&quot;created_timestamp&quot;:&quot;0&quot;,&quot;copyright&quot;:&quot;&quot;,&quot;focal_length&quot;:&quot;0&quot;,&quot;iso&quot;:&quot;0&quot;,&quot;shutter_speed&quot;:&quot;0&quot;,&quot;title&quot;:&quot;&quot;,&quot;orientation&quot;:&quot;0&quot;}\" data-image-title=\"Canada\" data-image-description=\"\" data-image-caption=\"\" data-large-file=\"https:\/\/i0.wp.com\/paulmelian.de\/blog\/wp-content\/uploads\/2025\/01\/Canada.jpg?fit=640%2C640&amp;ssl=1\" class=\"aligncenter size-medium wp-image-7004\" src=\"https:\/\/i0.wp.com\/paulmelian.de\/blog\/wp-content\/uploads\/2025\/01\/Canada.jpg?resize=300%2C300&#038;ssl=1\" alt=\"\" width=\"300\" height=\"300\" srcset=\"https:\/\/i0.wp.com\/paulmelian.de\/blog\/wp-content\/uploads\/2025\/01\/Canada.jpg?resize=300%2C300&amp;ssl=1 300w, https:\/\/i0.wp.com\/paulmelian.de\/blog\/wp-content\/uploads\/2025\/01\/Canada.jpg?resize=150%2C150&amp;ssl=1 150w, https:\/\/i0.wp.com\/paulmelian.de\/blog\/wp-content\/uploads\/2025\/01\/Canada.jpg?resize=768%2C768&amp;ssl=1 768w, https:\/\/i0.wp.com\/paulmelian.de\/blog\/wp-content\/uploads\/2025\/01\/Canada.jpg?w=1013&amp;ssl=1 1013w\" sizes=\"auto, (max-width: 300px) 100vw, 300px\" \/><\/a><\/p>\n","protected":false},"excerpt":{"rendered":"<p>A\u015fa pare c\u0103 g\u00e2nde\u015fte Donald Trump c\u00e2nd \u00ee\u015fi tr\u0103deaz\u0103 fanteziile expansioniste. At\u00e2t doar c\u0103&#8230; g\u00e2nde\u015fte? Cred c\u0103 am exagerat pu\u0163in.<\/p>\n","protected":false},"author":1,"featured_media":0,"comment_status":"open","ping_status":"open","sticky":false,"template":"","format":"standard","meta":{"ngg_post_thumbnail":0,"jetpack_post_was_ever_published":false,"_jetpack_newsletter_access":"","_jetpack_dont_email_post_to_subs":false,"_jetpack_newsletter_tier_id":0,"_jetpack_memberships_contains_paywalled_content":false,"_jetpack_memberships_contains_paid_content":false,"footnotes":"","jetpack_publicize_message":"","jetpack_publicize_feature_enabled":true,"jetpack_social_post_already_shared":true,"jetpack_social_options":{"image_generator_settings":{"template":"highway","default_image_id":0,"font":"","enabled":false},"version":2}},"categories":[8,6,14,17],"tags":[],"class_list":["post-7003","post","type-post","status-publish","format-standard","hentry","category-general","category-borituri","category-oameni","category-politica"],"jetpack_publicize_connections":[],"jetpack_featured_media_url":"","jetpack_sharing_enabled":true,"jetpack_shortlink":"https:\/\/wp.me\/p9mZDH-1OX","jetpack_likes_enabled":true,"jetpack-related-posts":[{"id":5805,"url":"https:\/\/paulmelian.de\/blog\/?p=5805","url_meta":{"origin":7003,"position":0},"title":"Mihail Neam\u0163u d\u0103 sfaturi","author":"Mihai","date":"12 februarie 2021","format":false,"excerpt":"Ne d\u0103 un rezumat: Un elev mi-a cerut ni\u0219te sfaturi pentru via\u021b\u0103. Iat\u0103 ce i-am spus, \u00een rezumat. \u201eTr\u0103ie\u0219te frumos. Transform\u0103-\u021bi mintea \u00eentr-un palat \u00eembog\u0103\u021bit de luminile credin\u021bei \u0219i nestematele culturii. Cultiv\u0103 adev\u0103rul, noble\u021bea \u0219i onoarea. Ai c\u0103zut? Z\u00e2mbe\u0219te. \u00cen c\u00e2teva ceasuri po\u021bi s\u0103 te ridici. Nu p\u0103r\u0103si lupta la\u2026","rel":"","context":"\u00cen \u201eGeneral\u201d","block_context":{"text":"General","link":"https:\/\/paulmelian.de\/blog\/?cat=8"},"img":{"alt_text":"","src":"https:\/\/i0.wp.com\/paulmelian.de\/blog\/wp-content\/uploads\/2021\/02\/Neamtu-Carte-194x300.jpg?resize=350%2C200","width":350,"height":200},"classes":[]},{"id":2854,"url":"https:\/\/paulmelian.de\/blog\/?p=2854","url_meta":{"origin":7003,"position":1},"title":"Perspective","author":"Mihai","date":"1 august 2018","format":false,"excerpt":"\u00cen urm\u0103 cu vreo lun\u0103, pigmeul meu preferat Adrian Papahagi ne \u00eenv\u0103\u0163a cum poate fi \u00eenvins PSD. Gurile rele spun c\u0103, speriat de moarte de asta, \u0163arul din Alexandria i s-ar fi adresat lui Mark Zuckerberg cu rug\u0103mintea de a-i \u00eenchide fostului viitor politician gura, cel pu\u0163in pentru o vreme,\u2026","rel":"","context":"\u00cen \u201eGeneral\u201d","block_context":{"text":"General","link":"https:\/\/paulmelian.de\/blog\/?cat=8"},"img":{"alt_text":"","src":"","width":0,"height":0},"classes":[]},{"id":3131,"url":"https:\/\/paulmelian.de\/blog\/?p=3131","url_meta":{"origin":7003,"position":2},"title":"Erinnerung \/ Amintire (1)","author":"Mihai","date":"10 februarie 2019","format":false,"excerpt":"1998, im Brecht Jubil\u00e4umsjahr, habe ich \"Eine kleine antifeministische Geschichte\" verbrochen. Ich wurde heute daran erinnert, als ich las, dass auf der diesj\u00e4hrigen Berlinale ein \"Dokudrama\" \u00fcber Brecht als Mensch(!) uraufgef\u00fchrt wird. Ich nehme an, dass Brecht, so er heute noch leben w\u00fcrde und mit manchen Ausw\u00fcchsen der feministischen Bewegung\u2026","rel":"","context":"\u00cen \u201eAntifeminismus \/ Antifeminism\u201d","block_context":{"text":"Antifeminismus \/ Antifeminism","link":"https:\/\/paulmelian.de\/blog\/?cat=4"},"img":{"alt_text":"","src":"https:\/\/i0.wp.com\/paulmelian.de\/blog\/wp-content\/uploads\/2019\/02\/Bundesarchiv_Bild_183-W0409-300_Bertolt_Brecht-207x300.jpg?resize=350%2C200","width":350,"height":200},"classes":[]},{"id":274,"url":"https:\/\/paulmelian.de\/blog\/?p=274","url_meta":{"origin":7003,"position":3},"title":"Brucanisme","author":"Mihai","date":"17 ianuarie 2015","format":false,"excerpt":"D-l Dorin Tudoran mi-a f\u0103cut, dup\u0103 cum se pare, cinstea deosebit\u0103 de a citi articolul meu de mai jos \u201cCurat mocirl\u0103\u201d. Altfel nu prea pot s\u0103-mi explic comentariul s\u0103u de pe blogul personal, pe care \u00eel redau mai jos, afar\u0103 doar de cazul \u00een care vreunul dintre trep\u0103du\u015fii domniei sale\u2026","rel":"","context":"\u00cen \u201eGeneral\u201d","block_context":{"text":"General","link":"https:\/\/paulmelian.de\/blog\/?cat=8"},"img":{"alt_text":"","src":"","width":0,"height":0},"classes":[]},{"id":4466,"url":"https:\/\/paulmelian.de\/blog\/?p=4466","url_meta":{"origin":7003,"position":4},"title":"Penibilit\u0103\u0163i","author":"Mihai","date":"29 martie 2020","format":false,"excerpt":"Chestia cu suportul pentru dou\u0103 steaguri, fixat pe fa\u0163ada fiec\u0103rei case, a ap\u0103rut \u00eenc\u0103 pe vremea lui Stalin, c\u00e2nd \u201epavoazarea\u201d caselor era, sub amenin\u0163area unor pedepse draconice, obligatorie. Pe vremea aceea erau impuse drapelele sovietic \u015fi rom\u00e2nesc. \u00cemi amintesc din acele timpuri cum noi, mama, tata, sor\u0103-mea \u015fi cu mine\u2026","rel":"","context":"\u00cen \u201eGeneral\u201d","block_context":{"text":"General","link":"https:\/\/paulmelian.de\/blog\/?cat=8"},"img":{"alt_text":"","src":"https:\/\/i0.wp.com\/paulmelian.de\/blog\/wp-content\/uploads\/2020\/03\/Suport-steaguri-150x150.jpg?resize=350%2C200","width":350,"height":200},"classes":[]},{"id":182,"url":"https:\/\/paulmelian.de\/blog\/?p=182","url_meta":{"origin":7003,"position":5},"title":"Adio, Ca\u0163avencilor. Sunte\u0163i pe lista mea neagr\u0103.","author":"Mihai","date":"23 ianuarie 2014","format":false,"excerpt":"Autor: Mihai De fiecare dat\u0103 c\u00e2nd apare c\u00e2te un caz mai r\u0103sun\u0103tor de dare \u015fi luare de \u015fpag\u0103, plebea \u00eencepe s\u0103 urle. De mass media nici nu mai vorbesc. Unii url\u0103 de indignare, dup\u0103 tipicul: \u201eUnde-am ajuns, dac\u0103 p\u00e2n\u0103 \u015fi \u0103\u015ftia au \u00eenceput s\u0103 ia \u015fpag\u0103!\u201c, \u00een timp ce ceilal\u0163i\u2026","rel":"","context":"\u00cen \u201eGeneral\u201d","block_context":{"text":"General","link":"https:\/\/paulmelian.de\/blog\/?cat=8"},"img":{"alt_text":"","src":"","width":0,"height":0},"classes":[]}],"post_mailing_queue_ids":[],"_links":{"self":[{"href":"https:\/\/paulmelian.de\/blog\/index.php?rest_route=\/wp\/v2\/posts\/7003","targetHints":{"allow":["GET"]}}],"collection":[{"href":"https:\/\/paulmelian.de\/blog\/index.php?rest_route=\/wp\/v2\/posts"}],"about":[{"href":"https:\/\/paulmelian.de\/blog\/index.php?rest_route=\/wp\/v2\/types\/post"}],"author":[{"embeddable":true,"href":"https:\/\/paulmelian.de\/blog\/index.php?rest_route=\/wp\/v2\/users\/1"}],"replies":[{"embeddable":true,"href":"https:\/\/paulmelian.de\/blog\/index.php?rest_route=%2Fwp%2Fv2%2Fcomments&post=7003"}],"version-history":[{"count":1,"href":"https:\/\/paulmelian.de\/blog\/index.php?rest_route=\/wp\/v2\/posts\/7003\/revisions"}],"predecessor-version":[{"id":7005,"href":"https:\/\/paulmelian.de\/blog\/index.php?rest_route=\/wp\/v2\/posts\/7003\/revisions\/7005"}],"wp:attachment":[{"href":"https:\/\/paulmelian.de\/blog\/index.php?rest_route=%2Fwp%2Fv2%2Fmedia&parent=7003"}],"wp:term":[{"taxonomy":"category","embeddable":true,"href":"https:\/\/paulmelian.de\/blog\/index.php?rest_route=%2Fwp%2Fv2%2Fcategories&post=7003"},{"taxonomy":"post_tag","embeddable":true,"href":"https:\/\/paulmelian.de\/blog\/index.php?rest_route=%2Fwp%2Fv2%2Ftags&post=7003"}],"curies":[{"name":"wp","href":"https:\/\/api.w.org\/{rel}","templated":true}]}}