{"id":7125,"date":"2026-01-26T11:16:33","date_gmt":"2026-01-26T09:16:33","guid":{"rendered":"https:\/\/paulmelian.de\/blog\/?p=7125"},"modified":"2026-01-26T16:51:41","modified_gmt":"2026-01-26T14:51:41","slug":"erleichterung","status":"publish","type":"post","link":"https:\/\/paulmelian.de\/blog\/?p=7125","title":{"rendered":"Erleichterung"},"content":{"rendered":"<p>Wir waren auf dem besten Wege, M. und ich, Freunde zu werden. Wir hatten \u00e4hnliche Auffassungen \u00fcber Politik, Ethik und \u00c4sthetik, unsere Konversationen waren f\u00fcr mich eine reine Freude.<br \/>\nDann habe ich bei ihm nach und nach, insbesondere in seinem Umgang mit Anderen, absto\u00dfende Charakterz\u00fcge entdeckt. Wir haben angefangen zu streiten und sind letztendlich im Streit auseinandergegangen.<br \/>\n\u201eDas ist schade\u201c, wurde in unserem Bekanntenkreis kommentiert, \u201eihr wart doch fast so weit, richtige Freude zu werden.\u201c<br \/>\n\u201eNa Gott sei Dank, dass wir noch nicht ganz so weit waren\u201c, dachte ich mir.<\/p>\n","protected":false},"excerpt":{"rendered":"<p>Wir waren auf dem besten Wege, M. und ich, Freunde zu werden. Wir hatten \u00e4hnliche Auffassungen \u00fcber Politik, Ethik und \u00c4sthetik, unsere Konversationen waren f\u00fcr mich eine reine Freude. Dann habe ich bei ihm nach und nach, insbesondere in seinem &hellip; <a href=\"https:\/\/paulmelian.de\/blog\/?p=7125\">Continu\u0103 s\u0103 cite\u0219ti <span class=\"meta-nav\">&rarr;<\/span><\/a><\/p>\n","protected":false},"author":1,"featured_media":0,"comment_status":"open","ping_status":"open","sticky":false,"template":"","format":"standard","meta":{"ngg_post_thumbnail":0,"jetpack_post_was_ever_published":false,"_jetpack_newsletter_access":"","_jetpack_dont_email_post_to_subs":false,"_jetpack_newsletter_tier_id":0,"_jetpack_memberships_contains_paywalled_content":false,"_jetpack_memberships_contains_paid_content":false,"footnotes":"","jetpack_publicize_message":"","jetpack_publicize_feature_enabled":true,"jetpack_social_post_already_shared":true,"jetpack_social_options":{"image_generator_settings":{"template":"highway","default_image_id":0,"font":"","enabled":false},"version":2}},"categories":[2,8,14,1,16],"tags":[],"class_list":["post-7125","post","type-post","status-publish","format-standard","hentry","category-amintiri-din-germania","category-general","category-oameni","category-fara-categorie","category-platitudini"],"jetpack_publicize_connections":[],"jetpack_featured_media_url":"","jetpack_sharing_enabled":true,"jetpack_shortlink":"https:\/\/wp.me\/p9mZDH-1QV","jetpack_likes_enabled":true,"jetpack-related-posts":[{"id":4781,"url":"https:\/\/paulmelian.de\/blog\/?p=4781","url_meta":{"origin":7125,"position":0},"title":"Kerwe \/ Chermez\u0103","author":"Mihai","date":"28 iunie 2020","format":false,"excerpt":"Da war diesmal nicht viel los. Zwei Wagen mit S\u00fc\u00dfigkeiten, ein Schie\u00dfstand, ein Stand, wo man mit dem Kescher Plastikfische (10 Fische 3 \u20ac, 20 Fische 5\u20ac, jeder Fisch gewinnt!) aus einem Bassin rausholen konnte, eine Reitschule* mit Plastikpferden, eine Bahn mit Boxautos** und zwei Wagen der Fa. W\u00fcst Getr\u00e4nkehandel\u2026","rel":"","context":"\u00cen \u201eDeutsche Erinnerungen \/ Amintiri din Germania\u201d","block_context":{"text":"Deutsche Erinnerungen \/ Amintiri din Germania","link":"https:\/\/paulmelian.de\/blog\/?cat=2"},"img":{"alt_text":"","src":"https:\/\/i0.wp.com\/paulmelian.de\/blog\/wp-content\/uploads\/2020\/06\/reitschule-203x300.jpg?resize=350%2C200","width":350,"height":200},"classes":[]},{"id":4226,"url":"https:\/\/paulmelian.de\/blog\/?p=4226","url_meta":{"origin":7125,"position":1},"title":"Gewagte Behauptung \/ Afirma\u0163ie hazardat\u0103","author":"Mihai","date":"12 ianuarie 2020","format":false,"excerpt":"Als ich neulich, gelangweilt und mechanisch, von Site zu Site gesprungen bin, habe ich an einer von Licht verschonten Stelle des Internets (fragen Sie aber nicht, wo genau, ich k\u00f6nnte sie nicht wiederfinden) einen Disput zwischen Vegetariern\/Veganern und \"Normalen\" gefunden, in dem die folgende Weisheit zum besten gegeben wurde: H\u00e4tten\u2026","rel":"","context":"\u00cen \u201eGeneral\u201d","block_context":{"text":"General","link":"https:\/\/paulmelian.de\/blog\/?cat=8"},"img":{"alt_text":"","src":"https:\/\/i0.wp.com\/paulmelian.de\/blog\/wp-content\/uploads\/2019\/07\/Denkender-Affea-300x246.jpg?resize=350%2C200","width":350,"height":200},"classes":[]},{"id":4893,"url":"https:\/\/paulmelian.de\/blog\/?p=4893","url_meta":{"origin":7125,"position":2},"title":"Fu\u00dfball \/ Fotbal","author":"Mihai","date":"27 iulie 2020","format":false,"excerpt":"An der Ecke zur Schulstrasse bog ich heute nach rechts ab. Das war nicht unsere \u00fcbliche Route, normalerweise ging ich mit Bonny genau in die andere Richtung spazieren, zum Waldrand. Unschl\u00fcssig hing sie etwas zur\u00fcck, die Leine spannte sich ein wenig. Dann nahm sie die ver\u00e4nderte Lage einfach hin und\u2026","rel":"","context":"\u00cen \u201eDeutsche Erinnerungen \/ Amintiri din Germania\u201d","block_context":{"text":"Deutsche Erinnerungen \/ Amintiri din Germania","link":"https:\/\/paulmelian.de\/blog\/?cat=2"},"img":{"alt_text":"","src":"https:\/\/i0.wp.com\/paulmelian.de\/blog\/wp-content\/uploads\/2020\/07\/Fu%C3%9Fball-300x169.jpg?resize=350%2C200","width":350,"height":200},"classes":[]},{"id":3893,"url":"https:\/\/paulmelian.de\/blog\/?p=3893","url_meta":{"origin":7125,"position":3},"title":"Erinnerung \/ Amintire (2)","author":"Mihai","date":"1 noiembrie 2019","format":false,"excerpt":"Heute wurde ich - ich wei\u00df nicht genau wie - an eine Geschichte mit Hunden erinnert, die ich vor mehr als 10 Jahren geschrieben habe. Drei der Vierbeiner, die in der Geschichte auftauchen, sind inzwischen auf unserem Grundst\u00fcck in den Westkarpaten begraben. (Zwei davon stammten auch von hier und wurden\u2026","rel":"","context":"\u00cen \u201eDeutsche Erinnerungen \/ Amintiri din Germania\u201d","block_context":{"text":"Deutsche Erinnerungen \/ Amintiri din Germania","link":"https:\/\/paulmelian.de\/blog\/?cat=2"},"img":{"alt_text":"","src":"","width":0,"height":0},"classes":[]},{"id":4985,"url":"https:\/\/paulmelian.de\/blog\/?p=4985","url_meta":{"origin":7125,"position":4},"title":"Trostlosigkeit \/ Deprimare","author":"Mihai","date":"6 septembrie 2020","format":false,"excerpt":"Ich habe vor etlichen Jahren jemanden in einem Pflegeheim f\u00fcr \"Senioren\" besucht. Als w\u00e4re das Ganze nicht so schon schlimm genug, h\u00e4ngt im Flur ein Abrei\u00dfkalender mit einem Spruch von Rousseau: Es gibt nichts liebensw\u00fcrdigeres als die Tugend.* Ich pers\u00f6nlich hasse tugendhafte Menschen, und so weit ich das beurteilen kann,\u2026","rel":"","context":"\u00cen \u201eDeutsche Erinnerungen \/ Amintiri din Germania\u201d","block_context":{"text":"Deutsche Erinnerungen \/ Amintiri din Germania","link":"https:\/\/paulmelian.de\/blog\/?cat=2"},"img":{"alt_text":"","src":"https:\/\/i0.wp.com\/paulmelian.de\/blog\/wp-content\/uploads\/2020\/09\/Alter-300x200.jpg?resize=350%2C200","width":350,"height":200},"classes":[]},{"id":5292,"url":"https:\/\/paulmelian.de\/blog\/?p=5292","url_meta":{"origin":7125,"position":5},"title":"Der Murano Aschenbecher \/ Scrumiera de Murano","author":"Mihai","date":"13 martie 2021","format":false,"excerpt":"\u00a0 Ich wollte in meinem B\u00fcro einen Wandkalender anbringen. In der obersten Schublade meines Schreibtisches hatte ich ein Paar Stahln\u00e4gel erblickt, die mir wohl mein Vorg\u00e4nger hinterlassen hatte. Weil ich zu faul war, aus der Werkstatt einen Hammer zu holen, schaute ich mich nach einer Alternative um. Der blaue, runde\u2026","rel":"","context":"\u00cen \u201eDeutsche Erinnerungen \/ Amintiri din Germania\u201d","block_context":{"text":"Deutsche Erinnerungen \/ Amintiri din Germania","link":"https:\/\/paulmelian.de\/blog\/?cat=2"},"img":{"alt_text":"","src":"https:\/\/i0.wp.com\/paulmelian.de\/blog\/wp-content\/uploads\/2021\/03\/Murano3-300x288.jpg?resize=350%2C200","width":350,"height":200},"classes":[]}],"post_mailing_queue_ids":[],"_links":{"self":[{"href":"https:\/\/paulmelian.de\/blog\/index.php?rest_route=\/wp\/v2\/posts\/7125","targetHints":{"allow":["GET"]}}],"collection":[{"href":"https:\/\/paulmelian.de\/blog\/index.php?rest_route=\/wp\/v2\/posts"}],"about":[{"href":"https:\/\/paulmelian.de\/blog\/index.php?rest_route=\/wp\/v2\/types\/post"}],"author":[{"embeddable":true,"href":"https:\/\/paulmelian.de\/blog\/index.php?rest_route=\/wp\/v2\/users\/1"}],"replies":[{"embeddable":true,"href":"https:\/\/paulmelian.de\/blog\/index.php?rest_route=%2Fwp%2Fv2%2Fcomments&post=7125"}],"version-history":[{"count":5,"href":"https:\/\/paulmelian.de\/blog\/index.php?rest_route=\/wp\/v2\/posts\/7125\/revisions"}],"predecessor-version":[{"id":7130,"href":"https:\/\/paulmelian.de\/blog\/index.php?rest_route=\/wp\/v2\/posts\/7125\/revisions\/7130"}],"wp:attachment":[{"href":"https:\/\/paulmelian.de\/blog\/index.php?rest_route=%2Fwp%2Fv2%2Fmedia&parent=7125"}],"wp:term":[{"taxonomy":"category","embeddable":true,"href":"https:\/\/paulmelian.de\/blog\/index.php?rest_route=%2Fwp%2Fv2%2Fcategories&post=7125"},{"taxonomy":"post_tag","embeddable":true,"href":"https:\/\/paulmelian.de\/blog\/index.php?rest_route=%2Fwp%2Fv2%2Ftags&post=7125"}],"curies":[{"name":"wp","href":"https:\/\/api.w.org\/{rel}","templated":true}]}}