{"id":7159,"date":"2026-03-04T08:31:07","date_gmt":"2026-03-04T06:31:07","guid":{"rendered":"https:\/\/paulmelian.de\/blog\/?p=7159"},"modified":"2026-03-04T17:18:24","modified_gmt":"2026-03-04T15:18:24","slug":"inteligenta-artificiala","status":"publish","type":"post","link":"https:\/\/paulmelian.de\/blog\/?p=7159","title":{"rendered":"&#8222;Inteligen\u0163\u0103&#8221; artificial\u0103"},"content":{"rendered":"<p>IA ne prezint\u0103 drept gre\u0219eli:<\/p>\n<ul>\n<li class=\"dF3vjf\" data-sfc-cb=\"\" data-hveid=\"CAMQAA\"><span class=\"T286Pc\" data-sfc-cp=\"\" data-sfc-cb=\"\"><strong class=\"Yjhzub\" data-sfc-cb=\"\">Dezacorduri:<\/strong> &#8222;V\u00e2nd cas\u0103 care <em class=\"eujQNb\" data-sfc-cb=\"\">necesit\u0103<\/em> repara\u021bii&#8221; (corect: <em class=\"eujQNb\" data-sfc-cb=\"\">necesit\u0103<\/em> &#8211; dar des auzite forme de genul &#8222;pere\u021bi care necesit\u0103 <em class=\"eujQNb\" data-sfc-cb=\"\">renovare<\/em>&#8222;).<\/span><\/li>\n<li class=\"dF3vjf\" data-sfc-cb=\"\" data-hveid=\"CAMQAQ\"><span class=\"T286Pc\" data-sfc-cp=\"\" data-sfc-cb=\"\"><strong class=\"Yjhzub\" data-sfc-cb=\"\">Cratima:<\/strong> &#8222;Ce ai facut?&#8221; in loc de &#8222;Ce-ai facut?&#8221;.<\/span><\/li>\n<\/ul>\n<p>Bine c\u0103 mai jos suntem avertiza\u0163i c\u0103 r\u0103spunsurile date de inteligen\u0163a artificial\u0103 con\u0163in adesea gre\u015feli. Sau chiar minciuni.<\/p>\n","protected":false},"excerpt":{"rendered":"<p>IA ne prezint\u0103 drept gre\u0219eli: Dezacorduri: &#8222;V\u00e2nd cas\u0103 care necesit\u0103 repara\u021bii&#8221; (corect: necesit\u0103 &#8211; dar des auzite forme de genul &#8222;pere\u021bi care necesit\u0103 renovare&#8222;). Cratima: &#8222;Ce ai facut?&#8221; in loc de &#8222;Ce-ai facut?&#8221;. Bine c\u0103 mai jos suntem avertiza\u0163i c\u0103 &hellip; <a href=\"https:\/\/paulmelian.de\/blog\/?p=7159\">Continu\u0103 s\u0103 cite\u0219ti <span class=\"meta-nav\">&rarr;<\/span><\/a><\/p>\n","protected":false},"author":1,"featured_media":0,"comment_status":"open","ping_status":"open","sticky":false,"template":"","format":"standard","meta":{"ngg_post_thumbnail":0,"jetpack_post_was_ever_published":false,"_jetpack_newsletter_access":"","_jetpack_dont_email_post_to_subs":false,"_jetpack_newsletter_tier_id":0,"_jetpack_memberships_contains_paywalled_content":false,"_jetpack_memberships_contains_paid_content":false,"footnotes":"","jetpack_publicize_message":"","jetpack_publicize_feature_enabled":true,"jetpack_social_post_already_shared":true,"jetpack_social_options":{"image_generator_settings":{"template":"highway","default_image_id":0,"font":"","enabled":false},"version":2}},"categories":[6,10],"tags":[],"class_list":["post-7159","post","type-post","status-publish","format-standard","hentry","category-borituri","category-invatati-dracului-romaneste"],"jetpack_publicize_connections":[],"jetpack_featured_media_url":"","jetpack_sharing_enabled":true,"jetpack_shortlink":"https:\/\/wp.me\/p9mZDH-1Rt","jetpack_likes_enabled":true,"jetpack-related-posts":[{"id":1549,"url":"https:\/\/paulmelian.de\/blog\/?p=1549","url_meta":{"origin":7159,"position":0},"title":"Certitudinile unui certocrat","author":"Mihai","date":"29 septembrie 2016","format":false,"excerpt":"Dorin Tudoran a revenit de cur\u00e2nd \u00een blogosfer\u0103 dup\u0103 o absen\u0163\u0103 destul de \u00eendelungat\u0103. \u00cen lipsa unei actvit\u0103\u0163i notabile a du\u015fmanilor s\u0103i tradi\u0163ionali (Vladimir Tism\u0103neanu tace, Elena Udrea e la p\u0103m\u00e2nt, Traian B\u0103sescu s-a descalificat singur) ne scrie c\u00e2te ceva despre America. [ ]Ahmad Khan Rahami a fost prins ast\u0103zi,\u2026","rel":"","context":"\u00cen \u201eGeneral\u201d","block_context":{"text":"General","link":"https:\/\/paulmelian.de\/blog\/?cat=8"},"img":{"alt_text":"","src":"","width":0,"height":0},"classes":[]},{"id":110,"url":"https:\/\/paulmelian.de\/blog\/?p=110","url_meta":{"origin":7159,"position":1},"title":"Cerc vicios","author":"Paul","date":"5 martie 2012","format":false,"excerpt":"Despre \u00eencercarea de ne\u00een\u0163eles de a \u00een\u0163elege inteligen\u0163a uman\u0103 cu ajutorul inteligen\u0163ei umane Armate \u00eentregi de savan\u0163i au cercetat secole de-a r\u00e2ndul modul de func\u0163ionare al inteligen\u0163ei umane. Au fost propuse nenum\u0103rate modele, care, unul dup\u0103 cel\u0103lat, s-au dovedit a fi doar cazuri speciale, cu valabilitate restr\u00e2ns\u0103 \u015fi care au\u2026","rel":"","context":"\u00cen \u201eGeneral\u201d","block_context":{"text":"General","link":"https:\/\/paulmelian.de\/blog\/?cat=8"},"img":{"alt_text":"","src":"","width":0,"height":0},"classes":[]},{"id":6399,"url":"https:\/\/paulmelian.de\/blog\/?p=6399","url_meta":{"origin":7159,"position":2},"title":"Die grelle Finsternis \/ Bezna orbitoare","author":"Mihai","date":"2 aprilie 2023","format":false,"excerpt":"Se p\u0103l\u0103vr\u0103ge\u015fte din ce \u00een ce mai mult despre \"Inteligen\u0163a Artificial\u0103\" (termen care, \u00eentre noi fie vorba, ar merita mai multe ghilimele dec\u00e2t ne permite ortografia), fie cu fascina\u0163ia t\u00e2mp\u0103 pe care o exercit\u0103 tehnica, fie cu spaima nu mai pu\u0163in t\u00e2mp\u0103 c\u0103 vom fi c\u00e2ndva, noi oamenii, dep\u0103\u015fi\u0163i sau\u2026","rel":"","context":"\u00cen \u201eDeutsche Erinnerungen \/ Amintiri din Germania\u201d","block_context":{"text":"Deutsche Erinnerungen \/ Amintiri din Germania","link":"https:\/\/paulmelian.de\/blog\/?cat=2"},"img":{"alt_text":"","src":"https:\/\/i0.wp.com\/paulmelian.de\/blog\/wp-content\/uploads\/2019\/07\/Denkender-Affea-300x246.jpg?resize=350%2C200&ssl=1","width":350,"height":200},"classes":[]},{"id":48,"url":"https:\/\/paulmelian.de\/blog\/?p=48","url_meta":{"origin":7159,"position":3},"title":"Zvonuri (2)","author":"Mihai","date":"28 ianuarie 2010","format":false,"excerpt":"Dup\u0103 principiul \u201e redactorul nostru Oana Dan a ascuns \u00een textul urm\u0103tor 30 de gre\u015feli, cititorii care-\u015fi vor dovedi competen\u0163a trimi\u0163\u00e2ndu-ne rezultatele \u00een scris vor participa la o tombol\u0103\u201d, evz.ro a lansat de cur\u00e2nd concursul \u201eEroarea ca produs mediatic educativ\u201c: \"Flac\u0103ra violet, derizoriu \u015fi pericol Profesorul universitar de psihologie Daniel\u2026","rel":"","context":"\u00cen \u201eLernt endlich eure Muttersprache! \/ \u00cenv\u0103\u0163a\u0163i-v\u0103 dracului limba matern\u0103!\u201d","block_context":{"text":"Lernt endlich eure Muttersprache! \/ \u00cenv\u0103\u0163a\u0163i-v\u0103 dracului limba matern\u0103!","link":"https:\/\/paulmelian.de\/blog\/?cat=10"},"img":{"alt_text":"","src":"","width":0,"height":0},"classes":[]},{"id":6434,"url":"https:\/\/paulmelian.de\/blog\/?p=6434","url_meta":{"origin":7159,"position":4},"title":"Alergen","author":"Mihai","date":"27 mai 2023","format":false,"excerpt":"Dl Drago\u015f Paul Aligic\u0103 (numit de mine, pe drept, Alergic\u0103), persoan\u0103 care, dac\u0103 am auzit eu bine, de\u0163ine trei doctorate, se simte deranjat de atacurile fostului prieten Adrian Papahagi, cu care are \u00een comun o bogat\u0103 activitate de ILD-ist, acum, dup\u0103 cum se pare, apus\u0103. Nu c\u0103 a\u015f \u0163ine neap\u0103rat\u2026","rel":"","context":"\u00cen \u201eGeneral\u201d","block_context":{"text":"General","link":"https:\/\/paulmelian.de\/blog\/?cat=8"},"img":{"alt_text":"","src":"https:\/\/i0.wp.com\/paulmelian.de\/blog\/wp-content\/uploads\/2023\/05\/Aligica-Putin-300x225.jpg?resize=350%2C200&ssl=1","width":350,"height":200},"classes":[]},{"id":1925,"url":"https:\/\/paulmelian.de\/blog\/?p=1925","url_meta":{"origin":7159,"position":5},"title":"El Abrogatore","author":"Mihai","date":"5 februarie 2017","format":false,"excerpt":"Dup\u0103 episodul penibil cu Sevil Shhaideh, Dragnea mai prime\u015fte, prin abrogarea OUG 13, \u00eenc\u0103 un dupac. Dup\u0103 cum se pare \u00eens\u0103, nici acesta nu va fi ultimul. Ar fi bine dac\u0103 partidul l-ar trimite \u00een pustie \u015fi ar \u00eencerca o reformare, speran\u0163ele sunt \u00eens\u0103 minime. Iord\u0103ciunea nu demisioneaz\u0103 deocamdat\u0103. P\u0103i\u2026","rel":"","context":"\u00cen \u201eDeutsche Erinnerungen \/ Amintiri din Germania\u201d","block_context":{"text":"Deutsche Erinnerungen \/ Amintiri din Germania","link":"https:\/\/paulmelian.de\/blog\/?cat=2"},"img":{"alt_text":"","src":"","width":0,"height":0},"classes":[]}],"post_mailing_queue_ids":[],"_links":{"self":[{"href":"https:\/\/paulmelian.de\/blog\/index.php?rest_route=\/wp\/v2\/posts\/7159","targetHints":{"allow":["GET"]}}],"collection":[{"href":"https:\/\/paulmelian.de\/blog\/index.php?rest_route=\/wp\/v2\/posts"}],"about":[{"href":"https:\/\/paulmelian.de\/blog\/index.php?rest_route=\/wp\/v2\/types\/post"}],"author":[{"embeddable":true,"href":"https:\/\/paulmelian.de\/blog\/index.php?rest_route=\/wp\/v2\/users\/1"}],"replies":[{"embeddable":true,"href":"https:\/\/paulmelian.de\/blog\/index.php?rest_route=%2Fwp%2Fv2%2Fcomments&post=7159"}],"version-history":[{"count":2,"href":"https:\/\/paulmelian.de\/blog\/index.php?rest_route=\/wp\/v2\/posts\/7159\/revisions"}],"predecessor-version":[{"id":7161,"href":"https:\/\/paulmelian.de\/blog\/index.php?rest_route=\/wp\/v2\/posts\/7159\/revisions\/7161"}],"wp:attachment":[{"href":"https:\/\/paulmelian.de\/blog\/index.php?rest_route=%2Fwp%2Fv2%2Fmedia&parent=7159"}],"wp:term":[{"taxonomy":"category","embeddable":true,"href":"https:\/\/paulmelian.de\/blog\/index.php?rest_route=%2Fwp%2Fv2%2Fcategories&post=7159"},{"taxonomy":"post_tag","embeddable":true,"href":"https:\/\/paulmelian.de\/blog\/index.php?rest_route=%2Fwp%2Fv2%2Ftags&post=7159"}],"curies":[{"name":"wp","href":"https:\/\/api.w.org\/{rel}","templated":true}]}}