{"id":7166,"date":"2026-03-06T16:13:54","date_gmt":"2026-03-06T14:13:54","guid":{"rendered":"https:\/\/paulmelian.de\/blog\/?p=7166"},"modified":"2026-03-06T16:13:54","modified_gmt":"2026-03-06T14:13:54","slug":"das-zweite-leben-1","status":"publish","type":"post","link":"https:\/\/paulmelian.de\/blog\/?p=7166","title":{"rendered":"Das Zweite Leben (1)"},"content":{"rendered":"<p>Mein neues Leben fing Anfang 1975 in Bonn an, als ich, 27 Jahre alt, mit einem Koffer in der Hand und mit 700 Mark in der Brieftasche, mich von der \u00fcbrigen rum\u00e4nischen Delegation abgesetzt habe. Es war der Moment der gro\u00dfen Befreiung: Ich hatte bis zu diesem Zeitpunkt nicht richtig daran geglaubt, dass ich es schaffe. W\u00e4hrend der ganzen Zugfahrt habe ich noch bef\u00fcrchtet, dass man mich zur\u00fcckschickt.<br \/>\nIch versuchte, einem kroatischen Taxifahrer auf Franz\u00f6sisch zu erkl\u00e4ren, dass ich ein billiges Hotel suche. Erstaunlicherweise hat er verstanden, was ich wollte und fuhr mich nach Beuel, in eine kleine Kaschemme, wo auch haupts\u00e4chlich Serbokroatisch und T\u00fcrkisch gesprochen wurde.<br \/>\nAm n\u00e4chsten Tag nahm ich meinen Koffer und trottete den langen Weg nach Bad Godesberg zur schwedischen Botschaft. Gepanzerte Fahrzeuge und auch Polizeiautos<br \/>\nfuhren v\u00f6llig unbeteiligt an mir vorbei. Der Lauf dauerte ewig. Auf dem Stadtplan schien es ein Katzensprung zu sein.<br \/>\nAn der Botschaft angekommen, erkl\u00e4rte ich in meinem Schulfranz\u00f6sisch, dass ich nach Schweden reisen m\u00f6chte. Ich wurde zum Konsul gebracht. Dieser h\u00f6rte sich meine Geschichte an und lie\u00df sich meine Papiere zeigen. In einem, f\u00fcr meine Ohren perfektem Franz\u00f6sisch, er\u00f6ffnete er mir, dass ich daf\u00fcr ein Visum brauche. Ich m\u00fcsste einen Antrag stellen, die notwendigen Formalit\u00e4ten k\u00f6nnten bis zu drei Monaten dauern. F\u00fcr diese Zeit m\u00fcsste ich meinen Aufenthalt in Deutschland irgendwie sichern. Er gab mir eine Visitenkarte und schickte mich weg.<br \/>\nDiesmal nahm ich ein Taxi.<br \/>\nEs war die Adresse eines Anwalts, der f\u00fcr Caritas arbeitete. Und von hier an bekamen die Ereignisse eine atemberaubende Geschwindigkeit. Innerhalb von wenigen Tagen traf ich etliche Landsleute, die in Bonn lebten, wurde in der Wohnung einer deutschen Familie untergebracht, die gerade Urlaub machte, nahm Kontakt mit dem Katholischen Auslandssekretariat und mit der Rum\u00e4nischen Katholischen Mission in Deutschland auf und wurde f\u00fcr 6 Monate zu einem Deutsch Intensivkurs nach St. Augustin geschickt.<br \/>\nDie Stiftung Cusanuswerk gew\u00e4hrte mir im Anschluss daran ein Stipendium von monatlich 500 DM f\u00fcr die Dauer von drei Jahren, um meine Promotion fertigzustellen, die ich in einem Universit\u00e4tsinstitut in Bonn absolvierte.<br \/>\nDas Visum f\u00fcr die Reise nach Schweden habe ich nicht mehr beantragt.<\/p>\n<p style=\"text-align: center;\">===<\/p>\n","protected":false},"excerpt":{"rendered":"<p>Mein neues Leben fing Anfang 1975 in Bonn an, als ich, 27 Jahre alt, mit einem Koffer in der Hand und mit 700 Mark in der Brieftasche, mich von der \u00fcbrigen rum\u00e4nischen Delegation abgesetzt habe. Es war der Moment der &hellip; <a href=\"https:\/\/paulmelian.de\/blog\/?p=7166\">Continu\u0103 s\u0103 cite\u0219ti <span class=\"meta-nav\">&rarr;<\/span><\/a><\/p>\n","protected":false},"author":1,"featured_media":0,"comment_status":"open","ping_status":"open","sticky":false,"template":"","format":"standard","meta":{"ngg_post_thumbnail":0,"jetpack_post_was_ever_published":false,"_jetpack_newsletter_access":"","_jetpack_dont_email_post_to_subs":false,"_jetpack_newsletter_tier_id":0,"_jetpack_memberships_contains_paywalled_content":false,"_jetpack_memberships_contains_paid_content":false,"footnotes":"","jetpack_publicize_message":"","jetpack_publicize_feature_enabled":true,"jetpack_social_post_already_shared":true,"jetpack_social_options":{"image_generator_settings":{"template":"highway","default_image_id":0,"font":"","enabled":false},"version":2}},"categories":[2,14,19],"tags":[],"class_list":["post-7166","post","type-post","status-publish","format-standard","hentry","category-amintiri-din-germania","category-oameni","category-romania-in-lume"],"jetpack_publicize_connections":[],"jetpack_featured_media_url":"","jetpack_sharing_enabled":true,"jetpack_shortlink":"https:\/\/wp.me\/p9mZDH-1RA","jetpack_likes_enabled":true,"jetpack-related-posts":[{"id":62,"url":"https:\/\/paulmelian.de\/blog\/?p=62","url_meta":{"origin":7166,"position":0},"title":"Cine pe cine tr\u0103deaz\u0103","author":"Mihai","date":"13 martie 2011","format":false,"excerpt":"Indignarea mea dup\u0103 lectura c\u0103r\u0163ii \u201e\u00cenc\u0103 de pe atunci vulpea era v\u00e2n\u0103torul\u201d \u00eenc\u0103 n-a disp\u0103rut, a\u015fa \u00eenc\u00e2t am considerat \u2013 f\u0103r\u0103 ca totu\u015fi s\u0103-mi fac iluzii - oportun s\u0103 informez editura Humanitas despre felul cum v\u0103d eu lucrurile, adic\u0103 traducerea. \u00cen aceea\u015fi ordine de idei, mi-am zis c\u0103 n-ar strica\u2026","rel":"","context":"\u00cen \u201eGeneral\u201d","block_context":{"text":"General","link":"https:\/\/paulmelian.de\/blog\/?cat=8"},"img":{"alt_text":"","src":"","width":0,"height":0},"classes":[]},{"id":7170,"url":"https:\/\/paulmelian.de\/blog\/?p=7170","url_meta":{"origin":7166,"position":1},"title":"Bonner Kochclub, 1975","author":"Mihai","date":"8 martie 2026","format":false,"excerpt":"In den Siebzigern bin ich in Bonn f\u00fcr einige Zeit in eine kosmopolite Gesellschaft geraten, so eine Art intellektuell angehauchten Kochclub. Die Gastgeberin war Sekret\u00e4rin im Ausw\u00e4rtigen Amt, w\u00e4hlte gr\u00fcn und war die geheime Geliebte eines hohen CDU-Parteifunktion\u00e4rs. Der heutige Koch war der Libanese Abdel Nour, ein Botschaftsangeh\u00f6riger, Kulturattach\u00e9 oder\u2026","rel":"","context":"\u00cen \u201eDeutsche Erinnerungen \/ Amintiri din Germania\u201d","block_context":{"text":"Deutsche Erinnerungen \/ Amintiri din Germania","link":"https:\/\/paulmelian.de\/blog\/?cat=2"},"img":{"alt_text":"","src":"","width":0,"height":0},"classes":[]},{"id":4742,"url":"https:\/\/paulmelian.de\/blog\/?p=4742","url_meta":{"origin":7166,"position":2},"title":"Mondfinsternis \/ Eclips\u0103 de lun\u0103","author":"Mihai","date":"25 mai 2020","format":false,"excerpt":"Da ich im Moment wenig Zeit habe, etwas Neues zu schreiben, habe ich wieder eine \u00e4ltere Geschichte ausgegraben. Mondfinsternis Kurz nach acht Uhr morgens klingelte es. Ich guckte durchs Fenster. Am Tor war schon wieder dieser Knirps auf dem Fahrrad, der einem L\u00f6cher in den Bauch fragt. Er hielt sich\u2026","rel":"","context":"\u00cen \u201eDeutsche Erinnerungen \/ Amintiri din Germania\u201d","block_context":{"text":"Deutsche Erinnerungen \/ Amintiri din Germania","link":"https:\/\/paulmelian.de\/blog\/?cat=2"},"img":{"alt_text":"","src":"https:\/\/i0.wp.com\/paulmelian.de\/blog\/wp-content\/uploads\/2020\/05\/Mondfinsternis-300x300.jpg?resize=350%2C200","width":350,"height":200},"classes":[]},{"id":3893,"url":"https:\/\/paulmelian.de\/blog\/?p=3893","url_meta":{"origin":7166,"position":3},"title":"Erinnerung \/ Amintire (2)","author":"Mihai","date":"1 noiembrie 2019","format":false,"excerpt":"Heute wurde ich - ich wei\u00df nicht genau wie - an eine Geschichte mit Hunden erinnert, die ich vor mehr als 10 Jahren geschrieben habe. Drei der Vierbeiner, die in der Geschichte auftauchen, sind inzwischen auf unserem Grundst\u00fcck in den Westkarpaten begraben. (Zwei davon stammten auch von hier und wurden\u2026","rel":"","context":"\u00cen \u201eDeutsche Erinnerungen \/ Amintiri din Germania\u201d","block_context":{"text":"Deutsche Erinnerungen \/ Amintiri din Germania","link":"https:\/\/paulmelian.de\/blog\/?cat=2"},"img":{"alt_text":"","src":"","width":0,"height":0},"classes":[]},{"id":255,"url":"https:\/\/paulmelian.de\/blog\/?p=255","url_meta":{"origin":7166,"position":4},"title":"Scrisoare deschis\u0103 &#8211; Offener Brief D-lui &#8211; Herrn Sigmar Gabriel","author":"Mihai","date":"16 noiembrie 2014","format":false,"excerpt":"Dr. Mihail-Onoriu Lungu Schulstr 13A 67365 Schwegenheim Germania D-lui Sigmar Gabriel Pre\u015fedintele SPD Scrisoare deschis\u0103 D-le Gabriel \u00eemi permit pentru \u00eenceput o scurt\u0103 prezentare. Sunt cet\u0103\u0163ean german de origine rom\u00e2n\u0103 \u015fi tr\u0103iesc de la \u00eenceputul anului 1975 \u00een Germania, unde mi-am completat studiile la Universitatea din Bonn. Dup\u0103 studiu am\u2026","rel":"","context":"\u00cen \u201eDeutsche Erinnerungen \/ Amintiri din Germania\u201d","block_context":{"text":"Deutsche Erinnerungen \/ Amintiri din Germania","link":"https:\/\/paulmelian.de\/blog\/?cat=2"},"img":{"alt_text":"","src":"","width":0,"height":0},"classes":[]},{"id":7040,"url":"https:\/\/paulmelian.de\/blog\/?p=7040","url_meta":{"origin":7166,"position":5},"title":"Konfusion","author":"Mihai","date":"20 decembrie 2025","format":false,"excerpt":"Die Domain lumion.de habe ich 2007 reservieren lassen, als meine Frau und ich uns als Unternehmensberater versucht haben. Derjenige, der meinen vollen Namen Lungu Mihail-Onoriu kennt, wird wohl dahinter kommen, wie der Name lumion entstanden ist. Mittlerweile haben wir die Beratert\u00e4tigkeit eingestellt (man k\u00f6nnte sogar behaupten, sie w\u00e4re vor die\u2026","rel":"","context":"\u00cen \u201eDeutsche Erinnerungen \/ Amintiri din Germania\u201d","block_context":{"text":"Deutsche Erinnerungen \/ Amintiri din Germania","link":"https:\/\/paulmelian.de\/blog\/?cat=2"},"img":{"alt_text":"","src":"https:\/\/i0.wp.com\/paulmelian.de\/blog\/wp-content\/uploads\/2025\/12\/Irrlaufer-300x201.jpg?resize=350%2C200&ssl=1","width":350,"height":200},"classes":[]}],"post_mailing_queue_ids":[],"_links":{"self":[{"href":"https:\/\/paulmelian.de\/blog\/index.php?rest_route=\/wp\/v2\/posts\/7166","targetHints":{"allow":["GET"]}}],"collection":[{"href":"https:\/\/paulmelian.de\/blog\/index.php?rest_route=\/wp\/v2\/posts"}],"about":[{"href":"https:\/\/paulmelian.de\/blog\/index.php?rest_route=\/wp\/v2\/types\/post"}],"author":[{"embeddable":true,"href":"https:\/\/paulmelian.de\/blog\/index.php?rest_route=\/wp\/v2\/users\/1"}],"replies":[{"embeddable":true,"href":"https:\/\/paulmelian.de\/blog\/index.php?rest_route=%2Fwp%2Fv2%2Fcomments&post=7166"}],"version-history":[{"count":1,"href":"https:\/\/paulmelian.de\/blog\/index.php?rest_route=\/wp\/v2\/posts\/7166\/revisions"}],"predecessor-version":[{"id":7167,"href":"https:\/\/paulmelian.de\/blog\/index.php?rest_route=\/wp\/v2\/posts\/7166\/revisions\/7167"}],"wp:attachment":[{"href":"https:\/\/paulmelian.de\/blog\/index.php?rest_route=%2Fwp%2Fv2%2Fmedia&parent=7166"}],"wp:term":[{"taxonomy":"category","embeddable":true,"href":"https:\/\/paulmelian.de\/blog\/index.php?rest_route=%2Fwp%2Fv2%2Fcategories&post=7166"},{"taxonomy":"post_tag","embeddable":true,"href":"https:\/\/paulmelian.de\/blog\/index.php?rest_route=%2Fwp%2Fv2%2Ftags&post=7166"}],"curies":[{"name":"wp","href":"https:\/\/api.w.org\/{rel}","templated":true}]}}