{"id":7180,"date":"2026-03-09T17:03:54","date_gmt":"2026-03-09T15:03:54","guid":{"rendered":"https:\/\/paulmelian.de\/blog\/?p=7180"},"modified":"2026-03-09T17:03:54","modified_gmt":"2026-03-09T15:03:54","slug":"sanftes-ruhekissen","status":"publish","type":"post","link":"https:\/\/paulmelian.de\/blog\/?p=7180","title":{"rendered":"Sanftes Ruhekissen"},"content":{"rendered":"<p>Es gibt einen ebenso zwingenden wie auch ethisch einwandfreien Grund, warum das Gute im Kampf gegen das B\u00f6se immer gewinnt. Wer sonst k\u00f6nnte sich des ungl\u00fccklichen Verlierers annehmen?<br \/>\nGewinnen Sie! Die Verlierer werden es Ihnen danken.<\/p>\n","protected":false},"excerpt":{"rendered":"<p>Es gibt einen ebenso zwingenden wie auch ethisch einwandfreien Grund, warum das Gute im Kampf gegen das B\u00f6se immer gewinnt. Wer sonst k\u00f6nnte sich des ungl\u00fccklichen Verlierers annehmen? Gewinnen Sie! Die Verlierer werden es Ihnen danken.<\/p>\n","protected":false},"author":1,"featured_media":0,"comment_status":"open","ping_status":"open","sticky":false,"template":"","format":"standard","meta":{"ngg_post_thumbnail":0,"jetpack_post_was_ever_published":false,"_jetpack_newsletter_access":"","_jetpack_dont_email_post_to_subs":false,"_jetpack_newsletter_tier_id":0,"_jetpack_memberships_contains_paywalled_content":false,"_jetpack_memberships_contains_paid_content":false,"footnotes":"","jetpack_publicize_message":"","jetpack_publicize_feature_enabled":true,"jetpack_social_post_already_shared":true,"jetpack_social_options":{"image_generator_settings":{"template":"highway","default_image_id":0,"font":"","enabled":false},"version":2}},"categories":[2,8,14,16,17],"tags":[],"class_list":["post-7180","post","type-post","status-publish","format-standard","hentry","category-amintiri-din-germania","category-general","category-oameni","category-platitudini","category-politica"],"jetpack_publicize_connections":[],"jetpack_featured_media_url":"","jetpack_sharing_enabled":true,"jetpack_shortlink":"https:\/\/wp.me\/p9mZDH-1RO","jetpack_likes_enabled":true,"jetpack-related-posts":[{"id":3216,"url":"https:\/\/paulmelian.de\/blog\/?p=3216","url_meta":{"origin":7180,"position":0},"title":"Klimakiller \/ Uciga\u015fii climei","author":"Mihai","date":"21 februarie 2019","format":false,"excerpt":"Man findet diese Bezeichnung neuerdings immer h\u00e4ufiger, wenn es um Faktoren die Rede ist, die das Klima beeinflussen. Bl\u00f6dsinn. Das Klima wird in jedem Fall \u00fcberleben. Es fragt sich nur, ob es uns noch gefallen wird. Noch abstruser wird es, wenn man, bewu\u00dft oder unbewu\u00dft, Systeme bezichtigt, die selbst unter\u2026","rel":"","context":"\u00cen \u201eGeneral\u201d","block_context":{"text":"General","link":"https:\/\/paulmelian.de\/blog\/?cat=8"},"img":{"alt_text":"","src":"https:\/\/i0.wp.com\/paulmelian.de\/blog\/wp-content\/uploads\/2019\/02\/banff-nationalpark-kanada-101_v-modPremium-300x84.jpg?resize=350%2C200","width":350,"height":200},"classes":[]},{"id":3361,"url":"https:\/\/paulmelian.de\/blog\/?p=3361","url_meta":{"origin":7180,"position":1},"title":"Sisyphos l\u00e4\u00dft gr\u00fcssen \/ Salut\u0103ri de la Sisif","author":"Mihai","date":"27 aprilie 2019","format":false,"excerpt":"Der Versuch einer sachlichen Diskussion mit den \u00f6kologischen Negationisten \u00fcber Umwelt- bzw. Klimaschutz ist aussichtslos. Man rennt gegen die Gummiwand. Ich habe es lange genug versucht, siehe 1, 2, 3, 4, 5, 6, ich mu\u00df mich mittlerweile geschlagen geben. Das erinnert mich an die Geschichte mit den zwei Duellanten (frei\u2026","rel":"","context":"\u00cen \u201eDeutsche Erinnerungen \/ Amintiri din Germania\u201d","block_context":{"text":"Deutsche Erinnerungen \/ Amintiri din Germania","link":"https:\/\/paulmelian.de\/blog\/?cat=2"},"img":{"alt_text":"","src":"https:\/\/i0.wp.com\/paulmelian.de\/blog\/wp-content\/uploads\/2015\/12\/kopfsand-300x186.jpg?resize=350%2C200","width":350,"height":200},"classes":[]},{"id":4902,"url":"https:\/\/paulmelian.de\/blog\/?p=4902","url_meta":{"origin":7180,"position":2},"title":"Teutonien \/ Teutonia","author":"Mihai","date":"6 octombrie 2020","format":false,"excerpt":"Es hei\u00dft, jedes Volk hat irgendetwas, wof\u00fcr es sich ganz besonders sch\u00e4men m\u00fcsste. Und keines tut das. Die Spanier haben ihre Corrida, die Ungarn den Orban, die Engl\u00e4nder ihre Monarchie, die Italiener die Mafia, die Amerikaner ihre Glitzer-Kultur, die Franzosen das Gerede um die \u201cGrande Nation\"... Und die Deutschen, fragen\u2026","rel":"","context":"\u00cen \u201eDeutsche Erinnerungen \/ Amintiri din Germania\u201d","block_context":{"text":"Deutsche Erinnerungen \/ Amintiri din Germania","link":"https:\/\/paulmelian.de\/blog\/?cat=2"},"img":{"alt_text":"","src":"https:\/\/i0.wp.com\/paulmelian.de\/blog\/wp-content\/uploads\/2020\/10\/Oktoberfest-2-300x196.jpg?resize=350%2C200","width":350,"height":200},"classes":[]},{"id":5115,"url":"https:\/\/paulmelian.de\/blog\/?p=5115","url_meta":{"origin":7180,"position":3},"title":"Das kleinste \u00dcbel \/ R\u0103ul cel mai mic","author":"Mihai","date":"14 septembrie 2020","format":false,"excerpt":"Das kleinste \u00dcbel ist manchmal riesig Dieser Gedanke dr\u00e4ngt sich bei mir auf wenn ich die Taten der aktuellen Regierung Rum\u00e4niens betrachte. Das geringste \u00dcbel, das am meisten untersch\u00e4tzte von allen \u00dcbeln! Dies passiert umso mehr, weil es meistens in Tandem mit dem gr\u00f6\u00dften aller \u00dcbel auftaucht, n\u00e4mlich, wie Nietzsche\u2026","rel":"","context":"\u00cen \u201eGeneral\u201d","block_context":{"text":"General","link":"https:\/\/paulmelian.de\/blog\/?cat=8"},"img":{"alt_text":"","src":"https:\/\/i0.wp.com\/paulmelian.de\/blog\/wp-content\/uploads\/2020\/09\/%C3%9Cbel-212x300.jpg?resize=350%2C200","width":350,"height":200},"classes":[]},{"id":7079,"url":"https:\/\/paulmelian.de\/blog\/?p=7079","url_meta":{"origin":7180,"position":4},"title":"D\u00fcstere Vorahnungen \/ Previziuni sumbre","author":"Mihai","date":"15 ianuarie 2026","format":false,"excerpt":"Die einzige Erkl\u00e4rung f\u00fcr das ungeheuerliche Verhalten von Trump gegen\u00fcber Putins Russland ist eine Mischung von Bewunderung und Angst. Trump ist ein M\u00f6chtegern Diktator und ein Feigling. (Und nein, Trump ist zwar ein Psychopath, aber nicht verr\u00fcckt, d.h. er ist voll zurechnungsf\u00e4hig.) Er wird wohl die Ukraine opfern und mit\u2026","rel":"","context":"\u00cen \u201eGeneral\u201d","block_context":{"text":"General","link":"https:\/\/paulmelian.de\/blog\/?cat=8"},"img":{"alt_text":"","src":"https:\/\/i0.wp.com\/paulmelian.de\/blog\/wp-content\/uploads\/2026\/01\/Mann-Panzer-Tiananmen-300x169.jpg?resize=350%2C200&ssl=1","width":350,"height":200},"classes":[]},{"id":4742,"url":"https:\/\/paulmelian.de\/blog\/?p=4742","url_meta":{"origin":7180,"position":5},"title":"Mondfinsternis \/ Eclips\u0103 de lun\u0103","author":"Mihai","date":"25 mai 2020","format":false,"excerpt":"Da ich im Moment wenig Zeit habe, etwas Neues zu schreiben, habe ich wieder eine \u00e4ltere Geschichte ausgegraben. Mondfinsternis Kurz nach acht Uhr morgens klingelte es. Ich guckte durchs Fenster. Am Tor war schon wieder dieser Knirps auf dem Fahrrad, der einem L\u00f6cher in den Bauch fragt. Er hielt sich\u2026","rel":"","context":"\u00cen \u201eDeutsche Erinnerungen \/ Amintiri din Germania\u201d","block_context":{"text":"Deutsche Erinnerungen \/ Amintiri din Germania","link":"https:\/\/paulmelian.de\/blog\/?cat=2"},"img":{"alt_text":"","src":"https:\/\/i0.wp.com\/paulmelian.de\/blog\/wp-content\/uploads\/2020\/05\/Mondfinsternis-300x300.jpg?resize=350%2C200","width":350,"height":200},"classes":[]}],"post_mailing_queue_ids":[],"_links":{"self":[{"href":"https:\/\/paulmelian.de\/blog\/index.php?rest_route=\/wp\/v2\/posts\/7180","targetHints":{"allow":["GET"]}}],"collection":[{"href":"https:\/\/paulmelian.de\/blog\/index.php?rest_route=\/wp\/v2\/posts"}],"about":[{"href":"https:\/\/paulmelian.de\/blog\/index.php?rest_route=\/wp\/v2\/types\/post"}],"author":[{"embeddable":true,"href":"https:\/\/paulmelian.de\/blog\/index.php?rest_route=\/wp\/v2\/users\/1"}],"replies":[{"embeddable":true,"href":"https:\/\/paulmelian.de\/blog\/index.php?rest_route=%2Fwp%2Fv2%2Fcomments&post=7180"}],"version-history":[{"count":1,"href":"https:\/\/paulmelian.de\/blog\/index.php?rest_route=\/wp\/v2\/posts\/7180\/revisions"}],"predecessor-version":[{"id":7181,"href":"https:\/\/paulmelian.de\/blog\/index.php?rest_route=\/wp\/v2\/posts\/7180\/revisions\/7181"}],"wp:attachment":[{"href":"https:\/\/paulmelian.de\/blog\/index.php?rest_route=%2Fwp%2Fv2%2Fmedia&parent=7180"}],"wp:term":[{"taxonomy":"category","embeddable":true,"href":"https:\/\/paulmelian.de\/blog\/index.php?rest_route=%2Fwp%2Fv2%2Fcategories&post=7180"},{"taxonomy":"post_tag","embeddable":true,"href":"https:\/\/paulmelian.de\/blog\/index.php?rest_route=%2Fwp%2Fv2%2Ftags&post=7180"}],"curies":[{"name":"wp","href":"https:\/\/api.w.org\/{rel}","templated":true}]}}