{"id":7262,"date":"2026-04-27T09:12:42","date_gmt":"2026-04-27T07:12:42","guid":{"rendered":"https:\/\/paulmelian.de\/blog\/?p=7262"},"modified":"2026-04-27T09:12:42","modified_gmt":"2026-04-27T07:12:42","slug":"drei-mogliche-grunde-trei-motive-posibile","status":"publish","type":"post","link":"https:\/\/paulmelian.de\/blog\/?p=7262","title":{"rendered":"Drei m\u00f6gliche Gr\u00fcnde &#8230; \/ Trei motive posibile &#8230;"},"content":{"rendered":"<p>&#8230; warum AFD W\u00e4hler das folgende Bild nicht verstehen k\u00f6nnen:<br \/>\n1) sie k\u00f6nnen kein Englisch<br \/>\n2) sie wissen nicht, wer Schr\u00f6dinger war<br \/>\n3) sie haben aus Versehen den <a href=\"https:\/\/winfuture.de\/news,158279.html\">Artikel<\/a> &#8222;Es muss nicht Schr\u00f6dinger sein&#8221; gelesen und falsch verstanden.<\/p>\n<p style=\"text-align: center;\">===<\/p>\n<p>&#8230; pentru care aleg\u0103torii AUR nu pot s\u0103 \u00een\u0163eleag\u0103 imaginea care urmeaz\u0103:<br \/>\n1) nu \u015ftiu engleza<br \/>\n2) nu \u015ftiu cine a fost Schr\u00f6dinger<br \/>\n3) au citit din gre\u015feal\u0103 <a href=\"https:\/\/winfuture.de\/news,158279.html\">articolul<\/a> &#8222;Es muss nicht Schr\u00f6dinger sein&#8221; \u015fi l-au \u00een\u0163eles aiurea.<\/p>\n<p><a href=\"https:\/\/i0.wp.com\/paulmelian.de\/blog\/wp-content\/uploads\/2026\/04\/Schroedinger.jpg?ssl=1\"><img data-recalc-dims=\"1\" loading=\"lazy\" decoding=\"async\" data-attachment-id=\"7263\" data-permalink=\"https:\/\/paulmelian.de\/blog\/?attachment_id=7263\" data-orig-file=\"https:\/\/i0.wp.com\/paulmelian.de\/blog\/wp-content\/uploads\/2026\/04\/Schroedinger.jpg?fit=193%2C261&amp;ssl=1\" data-orig-size=\"193,261\" data-comments-opened=\"1\" data-image-meta=\"{&quot;aperture&quot;:&quot;0&quot;,&quot;credit&quot;:&quot;&quot;,&quot;camera&quot;:&quot;&quot;,&quot;caption&quot;:&quot;&quot;,&quot;created_timestamp&quot;:&quot;0&quot;,&quot;copyright&quot;:&quot;&quot;,&quot;focal_length&quot;:&quot;0&quot;,&quot;iso&quot;:&quot;0&quot;,&quot;shutter_speed&quot;:&quot;0&quot;,&quot;title&quot;:&quot;&quot;,&quot;orientation&quot;:&quot;0&quot;}\" data-image-title=\"Schroedinger\" data-image-description=\"\" data-image-caption=\"\" data-large-file=\"https:\/\/i0.wp.com\/paulmelian.de\/blog\/wp-content\/uploads\/2026\/04\/Schroedinger.jpg?fit=193%2C261&amp;ssl=1\" class=\"aligncenter size-full wp-image-7263\" src=\"https:\/\/i0.wp.com\/paulmelian.de\/blog\/wp-content\/uploads\/2026\/04\/Schroedinger.jpg?resize=193%2C261&#038;ssl=1\" alt=\"\" width=\"193\" height=\"261\"><\/a><\/p>\n","protected":false},"excerpt":{"rendered":"<p>&#8230; warum AFD W\u00e4hler das folgende Bild nicht verstehen k\u00f6nnen: 1) sie k\u00f6nnen kein Englisch 2) sie wissen nicht, wer Schr\u00f6dinger war 3) sie haben aus Versehen den Artikel &#8222;Es muss nicht Schr\u00f6dinger sein&#8221; gelesen und falsch verstanden. === &#8230; &hellip; <a href=\"https:\/\/paulmelian.de\/blog\/?p=7262\">Continu\u0103 s\u0103 cite\u0219ti <span class=\"meta-nav\">&rarr;<\/span><\/a><\/p>\n","protected":false},"author":1,"featured_media":0,"comment_status":"open","ping_status":"open","sticky":false,"template":"","format":"standard","meta":{"ngg_post_thumbnail":0,"jetpack_post_was_ever_published":false,"_jetpack_newsletter_access":"","_jetpack_dont_email_post_to_subs":false,"_jetpack_newsletter_tier_id":0,"_jetpack_memberships_contains_paywalled_content":false,"_jetpack_memberships_contains_paid_content":false,"footnotes":"","jetpack_publicize_message":"","jetpack_publicize_feature_enabled":true,"jetpack_social_post_already_shared":true,"jetpack_social_options":{"image_generator_settings":{"template":"highway","default_image_id":0,"font":"","enabled":false},"version":2}},"categories":[2,8,9,6,14,17,19],"tags":[],"class_list":["post-7262","post","type-post","status-publish","format-standard","hentry","category-amintiri-din-germania","category-general","category-internautice","category-borituri","category-oameni","category-politica","category-romania-in-lume"],"jetpack_publicize_connections":[],"jetpack_featured_media_url":"","jetpack_sharing_enabled":true,"jetpack_shortlink":"https:\/\/wp.me\/p9mZDH-1T8","jetpack_likes_enabled":true,"jetpack-related-posts":[{"id":3893,"url":"https:\/\/paulmelian.de\/blog\/?p=3893","url_meta":{"origin":7262,"position":0},"title":"Erinnerung \/ Amintire (2)","author":"Mihai","date":"1 noiembrie 2019","format":false,"excerpt":"Heute wurde ich - ich wei\u00df nicht genau wie - an eine Geschichte mit Hunden erinnert, die ich vor mehr als 10 Jahren geschrieben habe. Drei der Vierbeiner, die in der Geschichte auftauchen, sind inzwischen auf unserem Grundst\u00fcck in den Westkarpaten begraben. (Zwei davon stammten auch von hier und wurden\u2026","rel":"","context":"\u00cen \u201eDeutsche Erinnerungen \/ Amintiri din Germania\u201d","block_context":{"text":"Deutsche Erinnerungen \/ Amintiri din Germania","link":"https:\/\/paulmelian.de\/blog\/?cat=2"},"img":{"alt_text":"","src":"","width":0,"height":0},"classes":[]},{"id":3333,"url":"https:\/\/paulmelian.de\/blog\/?p=3333","url_meta":{"origin":7262,"position":1},"title":"Gehirnprothesen \/ Proteze de creier","author":"Mihai","date":"13 aprilie 2019","format":false,"excerpt":"K\u00f6nnen Sie sich noch an Clippy (auf Deutsch \u201cKarl Klammer\u201d) erinnern? Damit hat die \u00e4u\u00dferst nervige Hirnlosigkeit Marke Microsoft Einzug in die EDV gehalten. In der Folge sind dann Alexa, Siri, Cortana und Bixby kreiert worden, nicht minder geistfreie Gesellen\u2026 Wie es sich gerade herausstellt, ist Alexa nicht nur eine\u2026","rel":"","context":"\u00cen \u201eDeutsche Erinnerungen \/ Amintiri din Germania\u201d","block_context":{"text":"Deutsche Erinnerungen \/ Amintiri din Germania","link":"https:\/\/paulmelian.de\/blog\/?cat=2"},"img":{"alt_text":"","src":"https:\/\/i0.wp.com\/paulmelian.de\/blog\/wp-content\/uploads\/2019\/04\/Clippy-300x158.jpg?resize=350%2C200","width":350,"height":200,"srcset":"https:\/\/i0.wp.com\/paulmelian.de\/blog\/wp-content\/uploads\/2019\/04\/Clippy-300x158.jpg?resize=350%2C200 1x, https:\/\/i0.wp.com\/paulmelian.de\/blog\/wp-content\/uploads\/2019\/04\/Clippy-300x158.jpg?resize=525%2C300 1.5x"},"classes":[]},{"id":3909,"url":"https:\/\/paulmelian.de\/blog\/?p=3909","url_meta":{"origin":7262,"position":2},"title":"Kolossale Irrt\u00fcmer (Fortsetzung) \/ Erori colosale (continuare)","author":"Mihai","date":"2 noiembrie 2019","format":false,"excerpt":"Die Wege des Internets sind unergr\u00fcndlich. Heute bin ich (fragen Sie nicht wie, ich wei\u00df es wirklich nicht!) \u00fcber die folgende Weisheit gestolpert: Nur H\u00e4user k\u00f6nnen verlassen werden, meine teuren Lieben. Das sind Sachen und sie verfallen. Die Frauen, niemals. Sie sind Lebewesen und denken. Die Verfasserin ist, wie es\u2026","rel":"","context":"\u00cen \u201eAntifeminismus \/ Antifeminism\u201d","block_context":{"text":"Antifeminismus \/ Antifeminism","link":"https:\/\/paulmelian.de\/blog\/?cat=4"},"img":{"alt_text":"","src":"https:\/\/i0.wp.com\/paulmelian.de\/blog\/wp-content\/uploads\/2019\/07\/Denkender-Affea-300x246.jpg?resize=350%2C200","width":350,"height":200},"classes":[]},{"id":4765,"url":"https:\/\/paulmelian.de\/blog\/?p=4765","url_meta":{"origin":7262,"position":3},"title":"Mehr Hundesachen \/ Alte chestii canine","author":"Mihai","date":"9 iunie 2020","format":false,"excerpt":"Die Grundsatzfrage Ich habe einmal aus sicherem Versteck zugeschaut, wie Sch\u00e4ferh\u00fcndin Bonny ihre Beute vergrub. Sie nahm ein St\u00fcck Hundekuchen ins Maul und schaute sich erst einmal verstohlen um. (Sie wei\u00df ganz genau, dass sie\u2019s nicht machen darf.) Dann trabte sie gem\u00e4chlich zu einer Stelle am Zaun, wo Vera vor\u2026","rel":"","context":"\u00cen \u201eDeutsche Erinnerungen \/ Amintiri din Germania\u201d","block_context":{"text":"Deutsche Erinnerungen \/ Amintiri din Germania","link":"https:\/\/paulmelian.de\/blog\/?cat=2"},"img":{"alt_text":"","src":"https:\/\/i0.wp.com\/paulmelian.de\/blog\/wp-content\/uploads\/2020\/06\/bonny01-300x206.jpg?resize=350%2C200","width":350,"height":200},"classes":[]},{"id":4876,"url":"https:\/\/paulmelian.de\/blog\/?p=4876","url_meta":{"origin":7262,"position":4},"title":"Die Taube \/ Porumbelul","author":"Mihai","date":"20 iulie 2020","format":false,"excerpt":"Es geschah irgendwann vor Jahren im Universit\u00e4tsklinikum Mannheim, im Wartezimmer vom Institutsdirektor Prof. Dr. Soundso. Eine graue Taube flog von au\u00dfen gegen die Fensterscheibe. Sie landete auf dem Pflaster zwischen dem Fenster und einem Bauschuttcontainer, blickte eine zeitlang etwas verwirrt drein und kam dann zu Fu\u00df durch die ge\u00f6ffnete Au\u00dfent\u00fcr\u2026","rel":"","context":"\u00cen \u201eDeutsche Erinnerungen \/ Amintiri din Germania\u201d","block_context":{"text":"Deutsche Erinnerungen \/ Amintiri din Germania","link":"https:\/\/paulmelian.de\/blog\/?cat=2"},"img":{"alt_text":"","src":"https:\/\/i0.wp.com\/paulmelian.de\/blog\/wp-content\/uploads\/2020\/07\/Taube-300x200.jpg?resize=350%2C200","width":350,"height":200},"classes":[]},{"id":5702,"url":"https:\/\/paulmelian.de\/blog\/?p=5702","url_meta":{"origin":7262,"position":5},"title":"Kriegsbeute \/ Prad\u0103 de r\u0103zboi","author":"Mihai","date":"14 ianuarie 2021","format":false,"excerpt":"Als die Russen Afghanistan verlassen haben, haben sie als Kriegsbeute gar nichts Wertvolles mitnehmen k\u00f6nnen. So haben sie ihre Toten in Zinks\u00e4rge gepackt und sind mit gesenkten K\u00f6pfen abgehauen. Die Amerikaner waren in dieser Beziehung viel effizienter. Zum einen haben sie Afghanistan zu einer bl\u00fchenden Landschaft verholfen, deren Landwirtschaft mittlerweile\u2026","rel":"","context":"\u00cen \u201eGeneral\u201d","block_context":{"text":"General","link":"https:\/\/paulmelian.de\/blog\/?cat=8"},"img":{"alt_text":"","src":"https:\/\/i0.wp.com\/paulmelian.de\/blog\/wp-content\/uploads\/2019\/05\/Mohn-300x128.jpg?resize=350%2C200","width":350,"height":200},"classes":[]}],"post_mailing_queue_ids":[],"_links":{"self":[{"href":"https:\/\/paulmelian.de\/blog\/index.php?rest_route=\/wp\/v2\/posts\/7262","targetHints":{"allow":["GET"]}}],"collection":[{"href":"https:\/\/paulmelian.de\/blog\/index.php?rest_route=\/wp\/v2\/posts"}],"about":[{"href":"https:\/\/paulmelian.de\/blog\/index.php?rest_route=\/wp\/v2\/types\/post"}],"author":[{"embeddable":true,"href":"https:\/\/paulmelian.de\/blog\/index.php?rest_route=\/wp\/v2\/users\/1"}],"replies":[{"embeddable":true,"href":"https:\/\/paulmelian.de\/blog\/index.php?rest_route=%2Fwp%2Fv2%2Fcomments&post=7262"}],"version-history":[{"count":1,"href":"https:\/\/paulmelian.de\/blog\/index.php?rest_route=\/wp\/v2\/posts\/7262\/revisions"}],"predecessor-version":[{"id":7264,"href":"https:\/\/paulmelian.de\/blog\/index.php?rest_route=\/wp\/v2\/posts\/7262\/revisions\/7264"}],"wp:attachment":[{"href":"https:\/\/paulmelian.de\/blog\/index.php?rest_route=%2Fwp%2Fv2%2Fmedia&parent=7262"}],"wp:term":[{"taxonomy":"category","embeddable":true,"href":"https:\/\/paulmelian.de\/blog\/index.php?rest_route=%2Fwp%2Fv2%2Fcategories&post=7262"},{"taxonomy":"post_tag","embeddable":true,"href":"https:\/\/paulmelian.de\/blog\/index.php?rest_route=%2Fwp%2Fv2%2Ftags&post=7262"}],"curies":[{"name":"wp","href":"https:\/\/api.w.org\/{rel}","templated":true}]}}