{"id":7530,"date":"2026-09-02T16:00:57","date_gmt":"2026-09-02T14:00:57","guid":{"rendered":"https:\/\/paulmelian.de\/blog\/?p=7530"},"modified":"2026-09-02T16:00:57","modified_gmt":"2026-09-02T14:00:57","slug":"esec-cu-preaviz","status":"publish","type":"post","link":"https:\/\/paulmelian.de\/blog\/?p=7530","title":{"rendered":"E\u015fec cu preaviz?"},"content":{"rendered":"<p>Dup\u0103 ce a \u00eencercat prin toate mijloacele, chiar \u015fi cele mai josnice, s\u0103-\u015fi \u00eencropeasc\u0103 o majoritate, se pare c\u0103 Grindeanu, PSD, precum \u015fi Marele Mediator \u015fi Strateg, Pre\u015fedintele Echidistant Nicu\u015for Dan, nu sunt chiar siguri c\u0103 vor reu\u015fi. Goarna Grindeanu <a href=\"https:\/\/tvrinfo.ro\/sorin-grindeanu-romania-nu-are-un-guvern-pnl-si-usr-au-insa-alte-urgente-functiile-banii-si-puterea\/\">\u00ee\u015fi \u00eempr\u0103\u015ftie<\/a> din nou saliva coclit\u0103 de trompet\u0103. <\/p>\n<p><a href=\"https:\/\/i0.wp.com\/paulmelian.de\/blog\/wp-content\/uploads\/2026\/06\/Nicusor4-scaled.jpg?ssl=1\"><img data-recalc-dims=\"1\" loading=\"lazy\" decoding=\"async\" data-attachment-id=\"7362\" data-permalink=\"https:\/\/paulmelian.de\/blog\/?attachment_id=7362\" data-orig-file=\"https:\/\/i0.wp.com\/paulmelian.de\/blog\/wp-content\/uploads\/2026\/06\/Nicusor4-scaled.jpg?fit=2560%2C1387&amp;ssl=1\" data-orig-size=\"2560,1387\" data-comments-opened=\"1\" data-image-meta=\"{&quot;aperture&quot;:&quot;0&quot;,&quot;credit&quot;:&quot;&quot;,&quot;camera&quot;:&quot;&quot;,&quot;caption&quot;:&quot;&quot;,&quot;created_timestamp&quot;:&quot;0&quot;,&quot;copyright&quot;:&quot;&quot;,&quot;focal_length&quot;:&quot;0&quot;,&quot;iso&quot;:&quot;0&quot;,&quot;shutter_speed&quot;:&quot;0&quot;,&quot;title&quot;:&quot;&quot;,&quot;orientation&quot;:&quot;0&quot;}\" data-image-title=\"Nicusor4\" data-image-description=\"\" data-image-caption=\"\" data-large-file=\"https:\/\/i0.wp.com\/paulmelian.de\/blog\/wp-content\/uploads\/2026\/06\/Nicusor4-scaled.jpg?fit=640%2C347&amp;ssl=1\" src=\"https:\/\/i0.wp.com\/paulmelian.de\/blog\/wp-content\/uploads\/2026\/06\/Nicusor4.jpg?resize=300%2C163&#038;ssl=1\" alt=\"\" width=\"300\" height=\"163\" class=\"aligncenter size-medium wp-image-7362\" srcset=\"https:\/\/i0.wp.com\/paulmelian.de\/blog\/wp-content\/uploads\/2026\/06\/Nicusor4-scaled.jpg?resize=300%2C163&amp;ssl=1 300w, https:\/\/i0.wp.com\/paulmelian.de\/blog\/wp-content\/uploads\/2026\/06\/Nicusor4-scaled.jpg?resize=1024%2C555&amp;ssl=1 1024w, https:\/\/i0.wp.com\/paulmelian.de\/blog\/wp-content\/uploads\/2026\/06\/Nicusor4-scaled.jpg?resize=768%2C416&amp;ssl=1 768w, https:\/\/i0.wp.com\/paulmelian.de\/blog\/wp-content\/uploads\/2026\/06\/Nicusor4-scaled.jpg?resize=1536%2C832&amp;ssl=1 1536w, https:\/\/i0.wp.com\/paulmelian.de\/blog\/wp-content\/uploads\/2026\/06\/Nicusor4-scaled.jpg?resize=2048%2C1110&amp;ssl=1 2048w, https:\/\/i0.wp.com\/paulmelian.de\/blog\/wp-content\/uploads\/2026\/06\/Nicusor4-scaled.jpg?w=1280&amp;ssl=1 1280w, https:\/\/i0.wp.com\/paulmelian.de\/blog\/wp-content\/uploads\/2026\/06\/Nicusor4-scaled.jpg?w=1920&amp;ssl=1 1920w\" sizes=\"auto, (max-width: 300px) 100vw, 300px\" \/><\/a><\/p>\n","protected":false},"excerpt":{"rendered":"<p>Dup\u0103 ce a \u00eencercat prin toate mijloacele, chiar \u015fi cele mai josnice, s\u0103-\u015fi \u00eencropeasc\u0103 o majoritate, se pare c\u0103 Grindeanu, PSD, precum \u015fi Marele Mediator \u015fi Strateg, Pre\u015fedintele Echidistant Nicu\u015for Dan, nu sunt chiar siguri c\u0103 vor reu\u015fi. Goarna Grindeanu &hellip; <a href=\"https:\/\/paulmelian.de\/blog\/?p=7530\">Continu\u0103 s\u0103 cite\u0219ti <span class=\"meta-nav\">&rarr;<\/span><\/a><\/p>\n","protected":false},"author":1,"featured_media":0,"comment_status":"open","ping_status":"open","sticky":false,"template":"","format":"standard","meta":{"ngg_post_thumbnail":0,"_jetpack_newsletter_access":"","_jetpack_dont_email_post_to_subs":false,"_jetpack_newsletter_tier_id":0,"_jetpack_memberships_contains_paywalled_content":false,"_jetpack_feature_clip_id":0,"_jetpack_memberships_contains_paid_content":false,"footnotes":"","jetpack_publicize_message":"","jetpack_publicize_feature_enabled":true,"jetpack_social_post_already_shared":true,"jetpack_social_options":{"image_generator_settings":{"template":"highway","default_image_id":0,"font":"","enabled":false},"version":2},"jetpack_post_was_ever_published":false},"categories":[8,9,6,14,17,19],"tags":[],"class_list":["post-7530","post","type-post","status-publish","format-standard","hentry","category-general","category-internautice","category-borituri","category-oameni","category-politica","category-romania-in-lume"],"jetpack_publicize_connections":[],"jetpack_sharing_enabled":true,"jetpack_shortlink":"https:\/\/wp.me\/p9mZDH-1Xs","jetpack_likes_enabled":true,"jetpack-related-posts":[{"id":81,"url":"https:\/\/paulmelian.de\/blog\/?p=81","url_meta":{"origin":7530,"position":0},"title":"Rom\u00e2nul \u015fi dragostea pentru animale: jaloane istorice","author":"Mihai","date":"4 februarie 2012","format":false,"excerpt":"Pe vremea \u201eodiosului dictator\u201d \u015fi a \u201esinistrei sale so\u0163ii\u201d (v\u0103 mai aminti\u0163i?), nu prea existau animale domestice libere, pentru c\u0103 ele nu suportau ordinea. (Cu alte cuvinte: mureau \u015fi oamenii de foame, d-apoi c\u00e2inii f\u0103r\u0103 st\u0103p\u00e2n!) \u00cendat\u0103 dup\u0103 revolu\u0163ie, libertatea c\u00e2\u015ftigat\u0103 de oameni a fost acordat\u0103 cu generozitate \u015fi animalelor:\u2026","rel":"","context":"\u00cen \u201eGeneral\u201d","block_context":{"text":"General","link":"https:\/\/paulmelian.de\/blog\/?cat=8"},"img":{"alt_text":"","src":"","width":0,"height":0},"classes":[]},{"id":213,"url":"https:\/\/paulmelian.de\/blog\/?p=213","url_meta":{"origin":7530,"position":1},"title":"R\u0103ul cel mai mic","author":"Mihai","date":"30 mai 2014","format":false,"excerpt":"Noua alian\u0163\u0103 de tip DA a for\u0163elor \"de dreapta\" este salutat\u0103 de c\u0103tre mul\u0163i speciali\u015fti ca fiind un r\u0103u mic, adic\u0103 un mare bine. Antonescu este dintr-o dat\u0103 v\u0103zut cu al\u0163i ochi dec\u00e2t p\u00e2n\u0103 acuma, ba chiar admirat pentru manevrele sale politice de ultim\u0103 or\u0103. Unii merg chiar at\u00e2t de\u2026","rel":"","context":"\u00cen \u201eDeutsche Erinnerungen \/ Amintiri din Germania\u201d","block_context":{"text":"Deutsche Erinnerungen \/ Amintiri din Germania","link":"https:\/\/paulmelian.de\/blog\/?cat=2"},"img":{"alt_text":"","src":"","width":0,"height":0},"classes":[]},{"id":6389,"url":"https:\/\/paulmelian.de\/blog\/?p=6389","url_meta":{"origin":7530,"position":2},"title":"Remeber 2013","author":"Mihai","date":"6 aprilie 2023","format":false,"excerpt":"\u00cent\u00e2mpl\u0103tor, mi se treze\u015fte azi amintirea unui episod petrecut acu' vreo zece ani\u015fori. S\u0103 recapitul\u0103m. 17.12.2013: Jurnalul lui Alfred Rosenberg, de cur\u00e2nd redescoperit, este predat US Holocaust Museum \u015fi devine accesibil publicului. 19.12.2013: oferta de publicare f\u0103cut\u0103 de mine revistei Baabel referitoare la un articol pe aceast\u0103 tem\u0103 (inclusiv c\u00e2teva\u2026","rel":"","context":"\u00cen \u201eDeutsche Erinnerungen \/ Amintiri din Germania\u201d","block_context":{"text":"Deutsche Erinnerungen \/ Amintiri din Germania","link":"https:\/\/paulmelian.de\/blog\/?cat=2"},"img":{"alt_text":"","src":"https:\/\/i0.wp.com\/paulmelian.de\/blog\/wp-content\/uploads\/2023\/04\/Alfred_Rosenberg-300x169.webp?resize=350%2C200&ssl=1","width":350,"height":200},"classes":[]},{"id":5682,"url":"https:\/\/paulmelian.de\/blog\/?p=5682","url_meta":{"origin":7530,"position":3},"title":"P\u0103rere","author":"Mihai","date":"11 ianuarie 2021","format":false,"excerpt":"Dorind s\u0103 aflu cine se afl\u0103 \u00een spatele unui comentariu de pe facebook, ap\u0103rut sub numele de Radu Alexandru (nume care \u00eemi amintea vag de Ca\u0163avenci \u015fi de vremurile de demult c\u00e2nd mai citeam pe-acolo, precum \u015fi de ceva cu \"pitici gra\u015fi\") am ajuns pe pagina sa. Ia te uit\u0103,\u2026","rel":"","context":"\u00cen \u201eGeneral\u201d","block_context":{"text":"General","link":"https:\/\/paulmelian.de\/blog\/?cat=8"},"img":{"alt_text":"","src":"https:\/\/i0.wp.com\/paulmelian.de\/blog\/wp-content\/uploads\/2021\/01\/Affe-300x300.jpg?resize=350%2C200","width":350,"height":200},"classes":[]},{"id":2004,"url":"https:\/\/paulmelian.de\/blog\/?p=2004","url_meta":{"origin":7530,"position":4},"title":"Reformarea puterii legislative din Rom\u00e2nia","author":"Mihai","date":"12 mai 2017","format":false,"excerpt":"Agerpres ne aduce la cuno\u015ftin\u0163\u0103 c\u0103 150 de elevi \u0219i studen\u021bi tocmai \u00eenva\u021b\u0103 \u00een Parlament cum s\u0103 scrie \u0219i s\u0103 modifice un proiect legislativ. P\u0103rerea mea este c\u0103 acest\u0103 ini\u0163iativ\u0103, cu toate c\u0103 este l\u0103udabil\u0103, nu este suficient\u0103 pentru a r\u00e2ni \u015fi arunca dracului afar\u0103 gunoaiele din Parlament \u015fi Senat.\u2026","rel":"","context":"\u00cen \u201eGeneral\u201d","block_context":{"text":"General","link":"https:\/\/paulmelian.de\/blog\/?cat=8"},"img":{"alt_text":"","src":"","width":0,"height":0},"classes":[]},{"id":6582,"url":"https:\/\/paulmelian.de\/blog\/?p=6582","url_meta":{"origin":7530,"position":5},"title":"Recidiv\u0103 (b)ovin\u0103","author":"Mihai","date":"27 octombrie 2023","format":false,"excerpt":"Adrian Papahagi recicleaz\u0103 nu demult o postare mai veche \u00een care \u00eencadreaz\u0103 putinismul \u00een categoria \u201cst\u00e2nga na\u0163ional-socialist\u0103\u201d. Asta mai treac\u0103-mearg\u0103, ve\u0163i spune poate, c\u00e2t\u0103 vreme nu se refer\u0103 la nazismul german. P\u0103i, o face \u015fi pe asta! Chiar dac\u0103 nu at\u00e2t de pe fa\u0163\u0103, dar f\u0103r\u0103 echivoc, dup\u0103 cum pute\u0163i\u2026","rel":"","context":"\u00cen \u201eGeneral\u201d","block_context":{"text":"General","link":"https:\/\/paulmelian.de\/blog\/?cat=8"},"img":{"alt_text":"","src":"https:\/\/i0.wp.com\/paulmelian.de\/blog\/wp-content\/uploads\/2019\/09\/oaie-300x199.jpg?resize=350%2C200&ssl=1","width":350,"height":200},"classes":[]}],"jetpack_featured_media_url":"","post_mailing_queue_ids":[],"_links":{"self":[{"href":"https:\/\/paulmelian.de\/blog\/index.php?rest_route=\/wp\/v2\/posts\/7530","targetHints":{"allow":["GET"]}}],"collection":[{"href":"https:\/\/paulmelian.de\/blog\/index.php?rest_route=\/wp\/v2\/posts"}],"about":[{"href":"https:\/\/paulmelian.de\/blog\/index.php?rest_route=\/wp\/v2\/types\/post"}],"author":[{"embeddable":true,"href":"https:\/\/paulmelian.de\/blog\/index.php?rest_route=\/wp\/v2\/users\/1"}],"replies":[{"embeddable":true,"href":"https:\/\/paulmelian.de\/blog\/index.php?rest_route=%2Fwp%2Fv2%2Fcomments&post=7530"}],"version-history":[{"count":1,"href":"https:\/\/paulmelian.de\/blog\/index.php?rest_route=\/wp\/v2\/posts\/7530\/revisions"}],"predecessor-version":[{"id":7531,"href":"https:\/\/paulmelian.de\/blog\/index.php?rest_route=\/wp\/v2\/posts\/7530\/revisions\/7531"}],"wp:attachment":[{"href":"https:\/\/paulmelian.de\/blog\/index.php?rest_route=%2Fwp%2Fv2%2Fmedia&parent=7530"}],"wp:term":[{"taxonomy":"category","embeddable":true,"href":"https:\/\/paulmelian.de\/blog\/index.php?rest_route=%2Fwp%2Fv2%2Fcategories&post=7530"},{"taxonomy":"post_tag","embeddable":true,"href":"https:\/\/paulmelian.de\/blog\/index.php?rest_route=%2Fwp%2Fv2%2Ftags&post=7530"}],"curies":[{"name":"wp","href":"https:\/\/api.w.org\/{rel}","templated":true}]}}