{"id":81,"date":"2012-02-04T19:42:45","date_gmt":"2012-02-04T17:42:45","guid":{"rendered":"http:\/\/paulmelian.de\/blog\/?p=81"},"modified":"2012-02-04T19:42:45","modified_gmt":"2012-02-04T17:42:45","slug":"romanul-si-animalele-jaloane-istorice","status":"publish","type":"post","link":"https:\/\/paulmelian.de\/blog\/?p=81","title":{"rendered":"Rom\u00e2nul \u015fi dragostea pentru animale: jaloane istorice"},"content":{"rendered":"<p>Pe vremea \u201eodiosului dictator\u201d \u015fi a \u201esinistrei sale so\u0163ii\u201d (v\u0103 mai aminti\u0163i?), nu prea existau animale domestice libere, pentru c\u0103 ele nu suportau ordinea. <!--more--> (Cu alte cuvinte: mureau \u015fi oamenii de foame, d-apoi c\u00e2inii f\u0103r\u0103 st\u0103p\u00e2n!)<br \/>\n\u00cendat\u0103 dup\u0103 revolu\u0163ie, libertatea c\u00e2\u015ftigat\u0103 de oameni a fost acordat\u0103 cu generozitate \u015fi animalelor: rom\u00e2nul liber a devenit die ce \u00een ce mai \u201eliberal\u201d, \u201eeliber\u00e2nd\u201d nu numai c\u00e2ini \u015fi pisici, ci (c\u00e2nd tocmai i se terminase f\u00e2nul) chiar \u015fi cai.<br \/>\nAcu vreo dou\u0103zeci de ani, pre\u015fedintele de pe atunci al Rom\u00e2niei mergea p\u00e2n\u0103 acolo \u00eenc\u00e2t punea oamenii \u015fi animalele chiar pe aceea\u015fi treapt\u0103, adres\u00e2ndu-i unui reporter cuvintele r\u0103mase celebre: \u201eM\u0103i, animalule!\u201d.<br \/>\nSe pare c\u0103 un interes sporit pentru\u00a0patrupezi a \u00eenceput s\u0103 apar\u0103 chiar \u015fi la sate, puii de c\u00e2ine sunt din ce \u00een ce mai des \u0163inu\u0163i o vreme ca s\u0103 se poat\u0103 juca copii cu ei, \u015fi abia dup\u0103 aceea l\u0103sa\u0163i s\u0103 moar\u0103 de foame.<\/p>\n","protected":false},"excerpt":{"rendered":"<p>Pe vremea \u201eodiosului dictator\u201d \u015fi a \u201esinistrei sale so\u0163ii\u201d (v\u0103 mai aminti\u0163i?), nu prea existau animale domestice libere, pentru c\u0103 ele nu suportau ordinea.<\/p>\n","protected":false},"author":1,"featured_media":0,"comment_status":"open","ping_status":"open","sticky":false,"template":"","format":"standard","meta":{"ngg_post_thumbnail":0,"jetpack_post_was_ever_published":false,"_jetpack_newsletter_access":"","_jetpack_dont_email_post_to_subs":false,"_jetpack_newsletter_tier_id":0,"_jetpack_memberships_contains_paywalled_content":false,"_jetpack_memberships_contains_paid_content":false,"footnotes":"","jetpack_publicize_message":"","jetpack_publicize_feature_enabled":true,"jetpack_social_post_already_shared":false,"jetpack_social_options":{"image_generator_settings":{"template":"highway","default_image_id":0,"font":"","enabled":false},"version":2}},"categories":[8,14,19,15],"tags":[],"class_list":["post-81","post","type-post","status-publish","format-standard","hentry","category-general","category-oameni","category-romania-in-lume","category-patrupezi"],"jetpack_publicize_connections":[],"jetpack_featured_media_url":"","jetpack_sharing_enabled":true,"jetpack_shortlink":"https:\/\/wp.me\/p9mZDH-1j","jetpack_likes_enabled":true,"jetpack-related-posts":[{"id":82,"url":"https:\/\/paulmelian.de\/blog\/?p=82","url_meta":{"origin":81,"position":0},"title":"Rom\u00e2nul \u015fi dragostea pentru animale: jaloane istorice (2)","author":"Mihai","date":"6 februarie 2012","format":false,"excerpt":"\u00cencerc s\u0103 las sarcasmul de-o parte, dar nu promit nimic. \u00cen Rom\u00e2nia interbelic\u0103, la baza societ\u0103\u0163ii se aflau doar dou\u0103 clase sociale bine consolidate: \u0163\u0103r\u0103nimea \u015fi intelectualitatea. Guvernul \u201ecomunist\u201d, ajuns la putere din gra\u0163ia sovietic\u0103, nu putea, bine\u00een\u0163eles, s\u0103 le tolereze: ap\u0103r\u00e2ndu-\u015fi dreptul la existen\u0163\u0103, ele deveneau \u201ereac\u0163ionare\u201d \u015fi trebuiau\u2026","rel":"","context":"\u00cen \u201eGeneral\u201d","block_context":{"text":"General","link":"https:\/\/paulmelian.de\/blog\/?cat=8"},"img":{"alt_text":"","src":"","width":0,"height":0},"classes":[]},{"id":4682,"url":"https:\/\/paulmelian.de\/blog\/?p=4682","url_meta":{"origin":81,"position":1},"title":"Chestii canine","author":"Mihai","date":"18 mai 2020","format":false,"excerpt":"Pentru c\u0103 tot veni vorba de c\u00e2ini, am dezgropat o povestioar\u0103 mai veche care relateaz\u0103 (\u00een proz\u0103, bine\u00een\u0163eles, eu fiind o persoan\u0103 eminamente prozaic\u0103) o \u00eent\u00e2mplare petrecut\u0103 \u00eentr-un sat din Germania \u015fi are (printre altele) tocmai acest subiect. O tempora, o mores! Azi am mers, ca de obicei duminica, cu\u2026","rel":"","context":"\u00cen \u201eDeutsche Erinnerungen \/ Amintiri din Germania\u201d","block_context":{"text":"Deutsche Erinnerungen \/ Amintiri din Germania","link":"https:\/\/paulmelian.de\/blog\/?cat=2"},"img":{"alt_text":"","src":"","width":0,"height":0},"classes":[]},{"id":1162,"url":"https:\/\/paulmelian.de\/blog\/?p=1162","url_meta":{"origin":81,"position":2},"title":"Considera\u0163ii interculturale","author":"Mihai","date":"10 septembrie 2015","format":false,"excerpt":"\u00cen Germania, mi\u015fcarea ecologist\u0103 a influen\u0163at p\u00e2n\u0103 \u015fi aspectul ma\u015finilor. \u00cen dorin\u0163a de a-\u015fi \"personaliza\" vehiculul \u015fi de a-\u015fi demonstra opiniile proprii, neam\u0163ul a recurs adesea la stick-ul sau ab\u0163ibildul auto. Una din formele de manifestare a personalit\u0103\u0163ii posesorului ma\u015finii a fost dezv\u0103luirea motivelor pentru care el fr\u00e2neaz\u0103... sau nu\u2026","rel":"","context":"\u00cen \u201eDeutsche Erinnerungen \/ Amintiri din Germania\u201d","block_context":{"text":"Deutsche Erinnerungen \/ Amintiri din Germania","link":"https:\/\/paulmelian.de\/blog\/?cat=2"},"img":{"alt_text":"","src":"","width":0,"height":0},"classes":[]},{"id":213,"url":"https:\/\/paulmelian.de\/blog\/?p=213","url_meta":{"origin":81,"position":3},"title":"R\u0103ul cel mai mic","author":"Mihai","date":"30 mai 2014","format":false,"excerpt":"Noua alian\u0163\u0103 de tip DA a for\u0163elor \"de dreapta\" este salutat\u0103 de c\u0103tre mul\u0163i speciali\u015fti ca fiind un r\u0103u mic, adic\u0103 un mare bine. Antonescu este dintr-o dat\u0103 v\u0103zut cu al\u0163i ochi dec\u00e2t p\u00e2n\u0103 acuma, ba chiar admirat pentru manevrele sale politice de ultim\u0103 or\u0103. Unii merg chiar at\u00e2t de\u2026","rel":"","context":"\u00cen \u201eDeutsche Erinnerungen \/ Amintiri din Germania\u201d","block_context":{"text":"Deutsche Erinnerungen \/ Amintiri din Germania","link":"https:\/\/paulmelian.de\/blog\/?cat=2"},"img":{"alt_text":"","src":"","width":0,"height":0},"classes":[]},{"id":87,"url":"https:\/\/paulmelian.de\/blog\/?p=87","url_meta":{"origin":81,"position":4},"title":"Retardel se retrage? Tardiv!","author":"Mihai","date":"13 februarie 2012","format":false,"excerpt":"Dac\u0103 se \u00eent\u00e2mpl\u0103 cumva s\u0103 nu \u015fti\u0163i cine e \u201eRetardel\u201d, face\u0163i o c\u0103utare prin Google cu acest cuv\u00e2nt cheie. Alege\u0163i-l din rezultatele c\u0103ut\u0103rii pe primul bloger, care afirm\u0103 despre o alt\u0103 persoan\u0103 c\u0103 acesta ar fi un \u201eretardel\u201d . Cine spune, \u0103la e! A\u0163i g\u0103sit? Aha ! \u015ei ce arat\u0103\u2026","rel":"","context":"\u00cen \u201eGeneral\u201d","block_context":{"text":"General","link":"https:\/\/paulmelian.de\/blog\/?cat=8"},"img":{"alt_text":"","src":"","width":0,"height":0},"classes":[]},{"id":2592,"url":"https:\/\/paulmelian.de\/blog\/?p=2592","url_meta":{"origin":81,"position":5},"title":"Perspective","author":"Mihai","date":"9 ianuarie 2018","format":false,"excerpt":"Prin grija BOR, \u00een jude\u0163ul Prahova oamenii (credincio\u015fi sau nu) au acces la ap\u0103 sfin\u0163it\u0103 curent\u0103, dup\u0103 ce instala\u0163iile de alimentare de la lacul de acumulare Paltinu au fost sfin\u0163ite: Timp de opt zile la robinetele multor locuitori din Prahova va curge agheasm\u0103 dup\u0103 ce preotul paroh din satul Lunca\u2026","rel":"","context":"\u00cen \u201eGeneral\u201d","block_context":{"text":"General","link":"https:\/\/paulmelian.de\/blog\/?cat=8"},"img":{"alt_text":"","src":"https:\/\/i0.wp.com\/paulmelian.de\/blog\/wp-content\/uploads\/2018\/01\/Pata-Rat-300x225.jpg?resize=350%2C200","width":350,"height":200},"classes":[]}],"post_mailing_queue_ids":[],"_links":{"self":[{"href":"https:\/\/paulmelian.de\/blog\/index.php?rest_route=\/wp\/v2\/posts\/81","targetHints":{"allow":["GET"]}}],"collection":[{"href":"https:\/\/paulmelian.de\/blog\/index.php?rest_route=\/wp\/v2\/posts"}],"about":[{"href":"https:\/\/paulmelian.de\/blog\/index.php?rest_route=\/wp\/v2\/types\/post"}],"author":[{"embeddable":true,"href":"https:\/\/paulmelian.de\/blog\/index.php?rest_route=\/wp\/v2\/users\/1"}],"replies":[{"embeddable":true,"href":"https:\/\/paulmelian.de\/blog\/index.php?rest_route=%2Fwp%2Fv2%2Fcomments&post=81"}],"version-history":[{"count":0,"href":"https:\/\/paulmelian.de\/blog\/index.php?rest_route=\/wp\/v2\/posts\/81\/revisions"}],"wp:attachment":[{"href":"https:\/\/paulmelian.de\/blog\/index.php?rest_route=%2Fwp%2Fv2%2Fmedia&parent=81"}],"wp:term":[{"taxonomy":"category","embeddable":true,"href":"https:\/\/paulmelian.de\/blog\/index.php?rest_route=%2Fwp%2Fv2%2Fcategories&post=81"},{"taxonomy":"post_tag","embeddable":true,"href":"https:\/\/paulmelian.de\/blog\/index.php?rest_route=%2Fwp%2Fv2%2Ftags&post=81"}],"curies":[{"name":"wp","href":"https:\/\/api.w.org\/{rel}","templated":true}]}}