{"id":925,"date":"2015-03-22T08:09:22","date_gmt":"2015-03-22T06:09:22","guid":{"rendered":"http:\/\/paulmelian.de\/blog\/?p=925"},"modified":"2015-03-22T08:38:12","modified_gmt":"2015-03-22T06:38:12","slug":"profesionista","status":"publish","type":"post","link":"https:\/\/paulmelian.de\/blog\/?p=925","title":{"rendered":"Profesionista"},"content":{"rendered":"<p>Lavinia \u015eandru se dovede\u015fte o profesionist\u0103 des\u0103v\u00e2r\u015fit\u0103, nu numai ca femeie, dar \u015fi ca jurnalist\u0103 \u015fi &#8211; mai nou &#8211; ca so\u0163ie.<br \/>\n\u00centr-una din <a href=\"http:\/\/www.realitatea.net\/lavinia-andru-reac-ie-la-vestea-privind-cererea-de-arestare-a-so-ului-ei_1657564.html\">emisiunile ei recente<\/a> s-a discutat chiar cazul propriului so\u0163, Darius V\u00e2lcov, arestat preventiv pentru fapte de corup\u0163ie. Aceast\u0103 mentalitate ne treze\u015fte admira\u0163ia. Meseria\u015ful trebuie s\u0103 r\u0103m\u00e2n\u0103 meseria\u015f, indiferent dac\u0103 este vorba de cea mai veche meserie de pe lume sau de una mai modern\u0103, cum ar fi ceea de jurnalist TV sau de so\u0163ie de fost politician \u015fi viitor pu\u015fc\u0103ria\u015f. Singura \u00eentrebare care se mai pune \u00een cazul Laviniei \u015eandru este dac\u0103, dup\u0103 ce ai avut de-a face cu ea, te treze\u015fti cu un <a href=\"http:\/\/www.sfatulmedicului.ro\/Boli-cu-transmitere-sexuala\/sancrul-moale-sancroidul_1379\">\u015fandru moale<\/a> sau cu unul <a href=\"http:\/\/www.sfatulmedicului.ro\/arhiva_medicala\/sancrul-dur\">dur<\/a>&#8230;<\/p>\n","protected":false},"excerpt":{"rendered":"<p>Lavinia \u015eandru se dovede\u015fte o profesionist\u0103 des\u0103v\u00e2r\u015fit\u0103, nu numai ca femeie, dar \u015fi ca jurnalist\u0103 \u015fi &#8211; mai nou &#8211; ca so\u0163ie. \u00centr-una din emisiunile ei recente s-a discutat chiar cazul propriului so\u0163, Darius V\u00e2lcov, arestat preventiv pentru fapte de &hellip; <a href=\"https:\/\/paulmelian.de\/blog\/?p=925\">Continu\u0103 s\u0103 cite\u0219ti <span class=\"meta-nav\">&rarr;<\/span><\/a><\/p>\n","protected":false},"author":1,"featured_media":0,"comment_status":"open","ping_status":"open","sticky":false,"template":"","format":"standard","meta":{"ngg_post_thumbnail":0,"jetpack_post_was_ever_published":false,"_jetpack_newsletter_access":"","_jetpack_dont_email_post_to_subs":false,"_jetpack_newsletter_tier_id":0,"_jetpack_memberships_contains_paywalled_content":false,"_jetpack_memberships_contains_paid_content":false,"footnotes":"","jetpack_publicize_message":"","jetpack_publicize_feature_enabled":true,"jetpack_social_post_already_shared":false,"jetpack_social_options":{"image_generator_settings":{"template":"highway","default_image_id":0,"font":"","enabled":false},"version":2}},"categories":[8,6,14,17],"tags":[],"class_list":["post-925","post","type-post","status-publish","format-standard","hentry","category-general","category-borituri","category-oameni","category-politica"],"jetpack_publicize_connections":[],"jetpack_featured_media_url":"","jetpack_sharing_enabled":true,"jetpack_shortlink":"https:\/\/wp.me\/p9mZDH-eV","jetpack_likes_enabled":true,"jetpack-related-posts":[{"id":1224,"url":"https:\/\/paulmelian.de\/blog\/?p=1224","url_meta":{"origin":925,"position":0},"title":"Hienele gonesc rinocerul","author":"Mihai","date":"20 octombrie 2015","format":false,"excerpt":"Iliescu a fost, \u00een sf\u00e2r\u015fit, \u00eenl\u0103turat din conducerea PSD. Maniera, \u00een care Dragnea \u015fi haita sa au orchestrat aceast\u0103 ac\u0163iune, aminte\u015fte de epur\u0103rile din perioada comunist\u0103, c\u00e2nd cei c\u0103zu\u0163i \u00een dizgra\u0163ie disp\u0103reau subit din via\u0163a politic\u0103. Sau chiar din via\u0163a \u00een sine, dac\u0103 era cazul. Este cu totul improbabil ca\u2026","rel":"","context":"\u00cen \u201eGeneral\u201d","block_context":{"text":"General","link":"https:\/\/paulmelian.de\/blog\/?cat=8"},"img":{"alt_text":"drapelRPRIliescu","src":"https:\/\/i0.wp.com\/paulmelian.de\/blog\/wp-content\/uploads\/2015\/10\/drapelRPRIliescu.jpg?resize=350%2C200","width":350,"height":200,"srcset":"https:\/\/i0.wp.com\/paulmelian.de\/blog\/wp-content\/uploads\/2015\/10\/drapelRPRIliescu.jpg?resize=350%2C200 1x, https:\/\/i0.wp.com\/paulmelian.de\/blog\/wp-content\/uploads\/2015\/10\/drapelRPRIliescu.jpg?resize=525%2C300 1.5x"},"classes":[]},{"id":1627,"url":"https:\/\/paulmelian.de\/blog\/?p=1627","url_meta":{"origin":925,"position":1},"title":"Ru\u015fine, Germania!","author":"Mihai","date":"28 octombrie 2016","format":false,"excerpt":"Institu\u0163ia german\u0103 BKA (Bundeskriminalamt) este confruntat\u0103 recent cu o nou\u0103 pan\u0103 criminalistic\u0103, legat\u0103, \u015fi de data aceasta, de analizele ADN. \u00cen urm\u0103 cu c\u00e2\u0163iva ani buni, poli\u0163ia german\u0103 a v\u00e2nat vreme \u00eendelungat\u0103 un delincvent fantom\u0103, care ap\u0103rea \u00een cele mai diferite localit\u0103\u0163i din Europa \u015fi \u00een cele mai neverosimile situa\u0163ii.\u2026","rel":"","context":"\u00cen \u201eDeutsche Erinnerungen \/ Amintiri din Germania\u201d","block_context":{"text":"Deutsche Erinnerungen \/ Amintiri din Germania","link":"https:\/\/paulmelian.de\/blog\/?cat=2"},"img":{"alt_text":"","src":"","width":0,"height":0},"classes":[]},{"id":6629,"url":"https:\/\/paulmelian.de\/blog\/?p=6629","url_meta":{"origin":925,"position":2},"title":"Cioara vopsit\u0103 sau Negrul este Verde","author":"Mihai","date":"16 ianuarie 2024","format":false,"excerpt":"Nu m\u0103 refer prin titlul de mai sus neap\u0103rat la lozincile peiorative, cum ar fi, de exemplu, \u201cVerdele este Ro\u015fu\u201d, proprii autorilor de la \u201c\u00cen Linie Dreapt\u0103\u201d (platform\u0103 care denigreaz\u0103 orice mi\u015fcare ecologic\u0103, oric\u00e2t de moderat\u0103 ar fi aceasta), de\u015fi ar merita \u015fi acest limbaj o tratare mai atent\u0103. Le\u2026","rel":"","context":"\u00cen \u201eGeneral\u201d","block_context":{"text":"General","link":"https:\/\/paulmelian.de\/blog\/?cat=8"},"img":{"alt_text":"","src":"https:\/\/i0.wp.com\/paulmelian.de\/blog\/wp-content\/uploads\/2019\/12\/craca-de-sub-picioare-830x568-300x205.jpg?resize=350%2C200&ssl=1","width":350,"height":200},"classes":[]},{"id":183,"url":"https:\/\/paulmelian.de\/blog\/?p=183","url_meta":{"origin":925,"position":3},"title":"Rom\u00e2nia n-are nevoie de du\u015fmani externi","author":"Mihai","date":"26 ianuarie 2014","format":false,"excerpt":"Autor: Mihai Washington Post constat\u0103 cam a\u015fa: Rom\u00e2nia, o \u0163ar\u0103 cu 19 milioane de locuitori, n-are du\u015fmani externi, dar are \u015fapte servicii de informa\u0163ii. Cu toate astea, nu poate g\u0103si un avion. Unul din cele \u015fapte servicii a investit 40 de milioane de euro \u00een sistemul de apelare de urgen\u0163\u0103\u2026","rel":"","context":"\u00cen \u201eGeneral\u201d","block_context":{"text":"General","link":"https:\/\/paulmelian.de\/blog\/?cat=8"},"img":{"alt_text":"","src":"","width":0,"height":0},"classes":[]},{"id":82,"url":"https:\/\/paulmelian.de\/blog\/?p=82","url_meta":{"origin":925,"position":4},"title":"Rom\u00e2nul \u015fi dragostea pentru animale: jaloane istorice (2)","author":"Mihai","date":"6 februarie 2012","format":false,"excerpt":"\u00cencerc s\u0103 las sarcasmul de-o parte, dar nu promit nimic. \u00cen Rom\u00e2nia interbelic\u0103, la baza societ\u0103\u0163ii se aflau doar dou\u0103 clase sociale bine consolidate: \u0163\u0103r\u0103nimea \u015fi intelectualitatea. Guvernul \u201ecomunist\u201d, ajuns la putere din gra\u0163ia sovietic\u0103, nu putea, bine\u00een\u0163eles, s\u0103 le tolereze: ap\u0103r\u00e2ndu-\u015fi dreptul la existen\u0163\u0103, ele deveneau \u201ereac\u0163ionare\u201d \u015fi trebuiau\u2026","rel":"","context":"\u00cen \u201eGeneral\u201d","block_context":{"text":"General","link":"https:\/\/paulmelian.de\/blog\/?cat=8"},"img":{"alt_text":"","src":"","width":0,"height":0},"classes":[]},{"id":6225,"url":"https:\/\/paulmelian.de\/blog\/?p=6225","url_meta":{"origin":925,"position":5},"title":"Cum o traducem pe Herta M\u00fcller: un fel de bilan\u0163","author":"Mihai","date":"2 decembrie 2022","format":false,"excerpt":"Lejeritatea diletantului nu poate compensa lipsa profesionismului, spun profesioni\u015ftii. Dar nu e nicio nevoie, slav\u0103 Domnului, spunem noi diletan\u0163ii. \u00cen urm\u0103 cu vreo 11 ani, am trimis editurii Humanitas Fiction un mesaj prin e-mail prin care \u00eemi exprimam dezaprobarea fa\u0163\u0103 de traducerea \u00een rom\u00e2ne\u015fte a romanelor amintite aici. A\u015fa cum\u2026","rel":"","context":"\u00cen \u201eDeutsche Erinnerungen \/ Amintiri din Germania\u201d","block_context":{"text":"Deutsche Erinnerungen \/ Amintiri din Germania","link":"https:\/\/paulmelian.de\/blog\/?cat=2"},"img":{"alt_text":"","src":"https:\/\/i0.wp.com\/paulmelian.de\/blog\/wp-content\/uploads\/2022\/12\/wordcloud1-300x300.png?resize=350%2C200","width":350,"height":200},"classes":[]}],"post_mailing_queue_ids":[],"_links":{"self":[{"href":"https:\/\/paulmelian.de\/blog\/index.php?rest_route=\/wp\/v2\/posts\/925","targetHints":{"allow":["GET"]}}],"collection":[{"href":"https:\/\/paulmelian.de\/blog\/index.php?rest_route=\/wp\/v2\/posts"}],"about":[{"href":"https:\/\/paulmelian.de\/blog\/index.php?rest_route=\/wp\/v2\/types\/post"}],"author":[{"embeddable":true,"href":"https:\/\/paulmelian.de\/blog\/index.php?rest_route=\/wp\/v2\/users\/1"}],"replies":[{"embeddable":true,"href":"https:\/\/paulmelian.de\/blog\/index.php?rest_route=%2Fwp%2Fv2%2Fcomments&post=925"}],"version-history":[{"count":6,"href":"https:\/\/paulmelian.de\/blog\/index.php?rest_route=\/wp\/v2\/posts\/925\/revisions"}],"predecessor-version":[{"id":931,"href":"https:\/\/paulmelian.de\/blog\/index.php?rest_route=\/wp\/v2\/posts\/925\/revisions\/931"}],"wp:attachment":[{"href":"https:\/\/paulmelian.de\/blog\/index.php?rest_route=%2Fwp%2Fv2%2Fmedia&parent=925"}],"wp:term":[{"taxonomy":"category","embeddable":true,"href":"https:\/\/paulmelian.de\/blog\/index.php?rest_route=%2Fwp%2Fv2%2Fcategories&post=925"},{"taxonomy":"post_tag","embeddable":true,"href":"https:\/\/paulmelian.de\/blog\/index.php?rest_route=%2Fwp%2Fv2%2Ftags&post=925"}],"curies":[{"name":"wp","href":"https:\/\/api.w.org\/{rel}","templated":true}]}}