{"id":935,"date":"2015-04-11T15:05:01","date_gmt":"2015-04-11T13:05:01","guid":{"rendered":"http:\/\/paulmelian.de\/blog\/?p=935"},"modified":"2015-04-11T15:05:01","modified_gmt":"2015-04-11T13:05:01","slug":"mai-rai-decat-paganii","status":"publish","type":"post","link":"https:\/\/paulmelian.de\/blog\/?p=935","title":{"rendered":"Mai r\u0103i dec\u00e2t p\u0103g\u00e2nii!"},"content":{"rendered":"<p>Dup\u0103 BOR, ar trebui <a href=\"http:\/\/www.revista22.ro\/ips-pimen-arhiepiscopul-sucevei-elevii-primesc-in-scoala-invataturi-nesanatoase-care-incurajeaza-pacatul-desfranarii-54904.html\">s\u0103 le spunem \u00een continuare<\/a> copiilor no\u015ftri c\u0103 au fost adu\u015fi de berze:<\/p>\n<blockquote><p><small>IPS Pimen, arhiepiscopul Sucevei si Radautilor, a afirmat, in Pastorala de Paste, ca elevilor li se predau in scoala invataturi nesanatoase, ca &#8222;Educatia pentru sanatate&#8221;, care ar promova pacatul desfranarii. Pimen a mai precizat ca predarea unor astfel de ore nu are loc in scoala niciunei religii necrestine.<\/small><\/p><\/blockquote>\n","protected":false},"excerpt":{"rendered":"<p>Dup\u0103 BOR, ar trebui s\u0103 le spunem \u00een continuare copiilor no\u015ftri c\u0103 au fost adu\u015fi de berze: IPS Pimen, arhiepiscopul Sucevei si Radautilor, a afirmat, in Pastorala de Paste, ca elevilor li se predau in scoala invataturi nesanatoase, ca &#8222;Educatia &hellip; <a href=\"https:\/\/paulmelian.de\/blog\/?p=935\">Continu\u0103 s\u0103 cite\u0219ti <span class=\"meta-nav\">&rarr;<\/span><\/a><\/p>\n","protected":false},"author":1,"featured_media":0,"comment_status":"open","ping_status":"open","sticky":false,"template":"","format":"standard","meta":{"ngg_post_thumbnail":0,"jetpack_post_was_ever_published":false,"_jetpack_newsletter_access":"","_jetpack_dont_email_post_to_subs":false,"_jetpack_newsletter_tier_id":0,"_jetpack_memberships_contains_paywalled_content":false,"_jetpack_memberships_contains_paid_content":false,"footnotes":"","jetpack_publicize_message":"","jetpack_publicize_feature_enabled":true,"jetpack_social_post_already_shared":false,"jetpack_social_options":{"image_generator_settings":{"template":"highway","default_image_id":0,"font":"","enabled":false},"version":2}},"categories":[8,6,14,19],"tags":[],"class_list":["post-935","post","type-post","status-publish","format-standard","hentry","category-general","category-borituri","category-oameni","category-romania-in-lume"],"jetpack_publicize_connections":[],"jetpack_featured_media_url":"","jetpack_sharing_enabled":true,"jetpack_shortlink":"https:\/\/wp.me\/p9mZDH-f5","jetpack_likes_enabled":true,"jetpack-related-posts":[{"id":182,"url":"https:\/\/paulmelian.de\/blog\/?p=182","url_meta":{"origin":935,"position":0},"title":"Adio, Ca\u0163avencilor. Sunte\u0163i pe lista mea neagr\u0103.","author":"Mihai","date":"23 ianuarie 2014","format":false,"excerpt":"Autor: Mihai De fiecare dat\u0103 c\u00e2nd apare c\u00e2te un caz mai r\u0103sun\u0103tor de dare \u015fi luare de \u015fpag\u0103, plebea \u00eencepe s\u0103 urle. De mass media nici nu mai vorbesc. Unii url\u0103 de indignare, dup\u0103 tipicul: \u201eUnde-am ajuns, dac\u0103 p\u00e2n\u0103 \u015fi \u0103\u015ftia au \u00eenceput s\u0103 ia \u015fpag\u0103!\u201c, \u00een timp ce ceilal\u0163i\u2026","rel":"","context":"\u00cen \u201eGeneral\u201d","block_context":{"text":"General","link":"https:\/\/paulmelian.de\/blog\/?cat=8"},"img":{"alt_text":"","src":"","width":0,"height":0},"classes":[]},{"id":2752,"url":"https:\/\/paulmelian.de\/blog\/?p=2752","url_meta":{"origin":935,"position":1},"title":"Din lac \u00een pu\u0163","author":"Mihai","date":"22 februarie 2018","format":false,"excerpt":"O delega\u0163ie a supravie\u0163uitorilor ultimului atac armat dintr-o \u015fcoal\u0103 american\u0103, care protesteaz\u0103 \u00eempotriva legisla\u0163iei mult prea lejere privind armele de foc din America, a fost primit\u0103 de Donald Trump. Elevii cer \u00eengr\u0103direa comer\u0163ului cu arme de foc, Donald Trump propune \u00eenarmarea profesorilor. (\u015ei pentru c\u0103 toat\u0103 treaba are leg\u0103tur\u0103 cu\u2026","rel":"","context":"\u00cen \u201eGeneral\u201d","block_context":{"text":"General","link":"https:\/\/paulmelian.de\/blog\/?cat=8"},"img":{"alt_text":"","src":"https:\/\/i0.wp.com\/paulmelian.de\/blog\/wp-content\/uploads\/2018\/02\/gun_violence_america-300x169.jpg?resize=350%2C200","width":350,"height":200},"classes":[]},{"id":85,"url":"https:\/\/paulmelian.de\/blog\/?p=85","url_meta":{"origin":935,"position":2},"title":"Tri milioane \u015fi tri lei","author":"Mihai","date":"10 februarie 2012","format":false,"excerpt":"Prins \u00eentre pietrele de moar\u0103 ale vie\u0163ii moderne, rom\u00e2nul de la \u0163ar\u0103 s-a c\u00e2init de tot. Nu mai face nimic f\u0103r\u0103 bani. M\u0103 duc mai deun\u0103zi la vecina, c\u0103 motanul ei, de care de fapt ne \u00eengrijim mai mult noi, e r\u0103nit \u015fi vreu s\u0103-l duc la doctor. A fost\u2026","rel":"","context":"\u00cen \u201eGeneral\u201d","block_context":{"text":"General","link":"https:\/\/paulmelian.de\/blog\/?cat=8"},"img":{"alt_text":"","src":"","width":0,"height":0},"classes":[]},{"id":4742,"url":"https:\/\/paulmelian.de\/blog\/?p=4742","url_meta":{"origin":935,"position":3},"title":"Mondfinsternis \/ Eclips\u0103 de lun\u0103","author":"Mihai","date":"25 mai 2020","format":false,"excerpt":"Da ich im Moment wenig Zeit habe, etwas Neues zu schreiben, habe ich wieder eine \u00e4ltere Geschichte ausgegraben. Mondfinsternis Kurz nach acht Uhr morgens klingelte es. Ich guckte durchs Fenster. Am Tor war schon wieder dieser Knirps auf dem Fahrrad, der einem L\u00f6cher in den Bauch fragt. Er hielt sich\u2026","rel":"","context":"\u00cen \u201eDeutsche Erinnerungen \/ Amintiri din Germania\u201d","block_context":{"text":"Deutsche Erinnerungen \/ Amintiri din Germania","link":"https:\/\/paulmelian.de\/blog\/?cat=2"},"img":{"alt_text":"","src":"https:\/\/i0.wp.com\/paulmelian.de\/blog\/wp-content\/uploads\/2020\/05\/Mondfinsternis-300x300.jpg?resize=350%2C200","width":350,"height":200},"classes":[]},{"id":140,"url":"https:\/\/paulmelian.de\/blog\/?p=140","url_meta":{"origin":935,"position":4},"title":"De ziua limbii rom\u00e2ne&#8230;","author":"Mihai","date":"31 august 2013","format":false,"excerpt":"...TVR \u00ee\u015fi d\u0103 din nou \u00een petic: Pentru a atrage aten\u0163ia asupra importan\u0163ei p\u0103str\u0103rii calit\u0103\u0163ii limbii rom\u00e2ne \u015fi pentru a-i sprijini pe rom\u00e2nii din afara grani\u0163elor s\u0103-\u015fi p\u0103streze cultura \u015fi identitatea na\u0163ional\u0103, ziua de 31 august a fost proclamata, prin legea 53\/2013, drept Ziua Limbii Rom\u00e2ne. Interesul TVR pentru p\u0103strarea\u2026","rel":"","context":"\u00cen \u201eGeneral\u201d","block_context":{"text":"General","link":"https:\/\/paulmelian.de\/blog\/?cat=8"},"img":{"alt_text":"","src":"","width":0,"height":0},"classes":[]},{"id":1324,"url":"https:\/\/paulmelian.de\/blog\/?p=1324","url_meta":{"origin":935,"position":5},"title":"Mare\u015falul Antonesei orchestreaz\u0103 lupta \u00eempotriva du\u015fmanului","author":"Mihai","date":"5 noiembrie 2015","format":false,"excerpt":"Din link \u00een link, am ajuns \u00eentr-unul din ungherele mai \u00eentunecoase ale internetului. Dup\u0103 ce am citit conversa\u0163ia de mai jos, am plecat repede de acolo: limbajul prea aminte\u015fte de anii '60, demascarea \u015fi izolarea celor infiltra\u0163i... gazete de perete, Sc\u00eenteia, etc., \u00eemi vine s\u0103 v\u0103rs. Da' \u0103sta oare c\u00e2nd\u2026","rel":"","context":"\u00cen \u201eGeneral\u201d","block_context":{"text":"General","link":"https:\/\/paulmelian.de\/blog\/?cat=8"},"img":{"alt_text":"","src":"","width":0,"height":0},"classes":[]}],"post_mailing_queue_ids":[],"_links":{"self":[{"href":"https:\/\/paulmelian.de\/blog\/index.php?rest_route=\/wp\/v2\/posts\/935","targetHints":{"allow":["GET"]}}],"collection":[{"href":"https:\/\/paulmelian.de\/blog\/index.php?rest_route=\/wp\/v2\/posts"}],"about":[{"href":"https:\/\/paulmelian.de\/blog\/index.php?rest_route=\/wp\/v2\/types\/post"}],"author":[{"embeddable":true,"href":"https:\/\/paulmelian.de\/blog\/index.php?rest_route=\/wp\/v2\/users\/1"}],"replies":[{"embeddable":true,"href":"https:\/\/paulmelian.de\/blog\/index.php?rest_route=%2Fwp%2Fv2%2Fcomments&post=935"}],"version-history":[{"count":2,"href":"https:\/\/paulmelian.de\/blog\/index.php?rest_route=\/wp\/v2\/posts\/935\/revisions"}],"predecessor-version":[{"id":937,"href":"https:\/\/paulmelian.de\/blog\/index.php?rest_route=\/wp\/v2\/posts\/935\/revisions\/937"}],"wp:attachment":[{"href":"https:\/\/paulmelian.de\/blog\/index.php?rest_route=%2Fwp%2Fv2%2Fmedia&parent=935"}],"wp:term":[{"taxonomy":"category","embeddable":true,"href":"https:\/\/paulmelian.de\/blog\/index.php?rest_route=%2Fwp%2Fv2%2Fcategories&post=935"},{"taxonomy":"post_tag","embeddable":true,"href":"https:\/\/paulmelian.de\/blog\/index.php?rest_route=%2Fwp%2Fv2%2Ftags&post=935"}],"curies":[{"name":"wp","href":"https:\/\/api.w.org\/{rel}","templated":true}]}}