{"id":938,"date":"2015-04-19T05:57:40","date_gmt":"2015-04-19T03:57:40","guid":{"rendered":"http:\/\/paulmelian.de\/blog\/?p=938"},"modified":"2015-04-19T05:57:40","modified_gmt":"2015-04-19T03:57:40","slug":"donatie-altruista","status":"publish","type":"post","link":"https:\/\/paulmelian.de\/blog\/?p=938","title":{"rendered":"Dona\u0163ie altruist\u0103?"},"content":{"rendered":"<p>Rusul Valeri Spiridonov, care sufer\u0103 de atrofie muscular\u0103, boal\u0103 incurabil\u0103, <a href=\"http:\/\/stiri.tvr.ro\/un-rus-cu-atrofie-musculara-avansata-vrea-sa-si-doneze-capul-pentru-transplant_59358.html\">anun\u0163\u0103<\/a> c\u0103 \u00ee\u015fi doneaz\u0103 capul pentru un transplant.<br \/>\nUn gest mare?<br \/>\nNu cumva vrea s\u0103 i se transplanteze un corp nou, deoarece cel vechi nu mai func\u0163ioneaz\u0103? <\/p>\n<p>PS<br \/>\nNu cred c\u0103 va fi greu s\u0103 se g\u0103seasc\u0103 un donator de corp. Oameni f\u0103r\u0103 cap sunt destui.<\/p>\n","protected":false},"excerpt":{"rendered":"<p>Rusul Valeri Spiridonov, care sufer\u0103 de atrofie muscular\u0103, boal\u0103 incurabil\u0103, anun\u0163\u0103 c\u0103 \u00ee\u015fi doneaz\u0103 capul pentru un transplant. Un gest mare? Nu cumva vrea s\u0103 i se transplanteze un corp nou, deoarece cel vechi nu mai func\u0163ioneaz\u0103? PS Nu cred &hellip; <a href=\"https:\/\/paulmelian.de\/blog\/?p=938\">Continu\u0103 s\u0103 cite\u0219ti <span class=\"meta-nav\">&rarr;<\/span><\/a><\/p>\n","protected":false},"author":1,"featured_media":0,"comment_status":"open","ping_status":"open","sticky":false,"template":"","format":"standard","meta":{"ngg_post_thumbnail":0,"jetpack_post_was_ever_published":false,"_jetpack_newsletter_access":"","_jetpack_dont_email_post_to_subs":false,"_jetpack_newsletter_tier_id":0,"_jetpack_memberships_contains_paywalled_content":false,"_jetpack_memberships_contains_paid_content":false,"footnotes":"","jetpack_publicize_message":"","jetpack_publicize_feature_enabled":true,"jetpack_social_post_already_shared":false,"jetpack_social_options":{"image_generator_settings":{"template":"highway","default_image_id":0,"font":"","enabled":false},"version":2}},"categories":[8,14],"tags":[],"class_list":["post-938","post","type-post","status-publish","format-standard","hentry","category-general","category-oameni"],"jetpack_publicize_connections":[],"jetpack_featured_media_url":"","jetpack_sharing_enabled":true,"jetpack_shortlink":"https:\/\/wp.me\/p9mZDH-f8","jetpack_likes_enabled":true,"jetpack-related-posts":[{"id":263,"url":"https:\/\/paulmelian.de\/blog\/?p=263","url_meta":{"origin":938,"position":0},"title":"Vangheliada","author":"Mihai","date":"28 noiembrie 2014","format":false,"excerpt":"De data asta nu mai e glum\u0103, proasp\u0103tul fost membru PSD Marian Vanghelie \u00eei declar\u0103 r\u0103zboi lui Ponta: Ponta crede ca pacaleste. Nu mai pacaleste pe nimeni. El o sa vada daca am valoare, daca nu am valoare. Doua saptamani, Victore! Ne masuram valoarea. Nu cred ca mai functioneaza mult.\u2026","rel":"","context":"\u00cen \u201eGeneral\u201d","block_context":{"text":"General","link":"https:\/\/paulmelian.de\/blog\/?cat=8"},"img":{"alt_text":"","src":"","width":0,"height":0},"classes":[]},{"id":265,"url":"https:\/\/paulmelian.de\/blog\/?p=265","url_meta":{"origin":938,"position":1},"title":"VINE SARBATORILE","author":"StelyStu Mafyot","date":"4 decembrie 2014","format":false,"excerpt":"vine sarbatorile care sarbatoreste nasterea domnului uite aproape ca sa terminat si anu asta si ancepe nou an care vine deci abea astept casai ascult pe colindatorii si casa punem cele cuvenite pe masa cum e obiceiele si traditile noastre la romani sase anfrupte tuata familia cu bucatele care se\u2026","rel":"","context":"\u00cen \u201eCol\u0163u' manelomanului\u201d","block_context":{"text":"Col\u0163u' manelomanului","link":"https:\/\/paulmelian.de\/blog\/?cat=7"},"img":{"alt_text":"","src":"","width":0,"height":0},"classes":[]},{"id":5637,"url":"https:\/\/paulmelian.de\/blog\/?p=5637","url_meta":{"origin":938,"position":2},"title":"Pluralis Majestatis","author":"Mihai","date":"31 decembrie 2020","format":false,"excerpt":"Este rezervat celor care se afl\u0103 \u00een posesia adev\u0103rului absolut: Eu, ca orice p\u0103stor care predic\u0103 adev\u0103rul ne\u00eendoielnic despre Hristos \u015fi despre m\u00e2ntuire, despre iertare, iar adev\u0103rul acesta este absolut, nu putem fi ni\u015fte impresari ai autorit\u0103\u0163ilor care vor s\u0103 \u00eendemn\u0103m la vaccinare cu ochii \u00eenchi\u015fi, pentru c\u0103 ceea ce\u2026","rel":"","context":"\u00cen \u201eGeneral\u201d","block_context":{"text":"General","link":"https:\/\/paulmelian.de\/blog\/?cat=8"},"img":{"alt_text":"","src":"https:\/\/i0.wp.com\/paulmelian.de\/blog\/wp-content\/uploads\/2020\/12\/Teodosie-300x200.jpg?resize=350%2C200","width":350,"height":200},"classes":[]},{"id":6477,"url":"https:\/\/paulmelian.de\/blog\/?p=6477","url_meta":{"origin":938,"position":3},"title":"Fals\u0103(?) modestie","author":"Mihai","date":"10 iulie 2023","format":false,"excerpt":"Aluzionistul Drago\u015f Paul Alergic\u0103 nu se las\u0103 intimidat de AI: Cu preg\u0103tire de lucrator silvic la baz\u0103 (Liceul Silvic Br\u0103ne\u0219ti - care a\u0219a cum se \u0219tie, era la vremea aceea un corp de elit\u0103 precum Pu\u0219ca\u0219ii Marini ai padurariei romanesti) si cu un carnet de tractorist \u00een brazd\u0103 ob\u021binut la\u2026","rel":"","context":"\u00cen \u201eDeutsche Erinnerungen \/ Amintiri din Germania\u201d","block_context":{"text":"Deutsche Erinnerungen \/ Amintiri din Germania","link":"https:\/\/paulmelian.de\/blog\/?cat=2"},"img":{"alt_text":"","src":"https:\/\/i0.wp.com\/paulmelian.de\/blog\/wp-content\/uploads\/2023\/07\/KindTraktor-300x120.jpg?resize=350%2C200&ssl=1","width":350,"height":200},"classes":[]},{"id":81,"url":"https:\/\/paulmelian.de\/blog\/?p=81","url_meta":{"origin":938,"position":4},"title":"Rom\u00e2nul \u015fi dragostea pentru animale: jaloane istorice","author":"Mihai","date":"4 februarie 2012","format":false,"excerpt":"Pe vremea \u201eodiosului dictator\u201d \u015fi a \u201esinistrei sale so\u0163ii\u201d (v\u0103 mai aminti\u0163i?), nu prea existau animale domestice libere, pentru c\u0103 ele nu suportau ordinea. (Cu alte cuvinte: mureau \u015fi oamenii de foame, d-apoi c\u00e2inii f\u0103r\u0103 st\u0103p\u00e2n!) \u00cendat\u0103 dup\u0103 revolu\u0163ie, libertatea c\u00e2\u015ftigat\u0103 de oameni a fost acordat\u0103 cu generozitate \u015fi animalelor:\u2026","rel":"","context":"\u00cen \u201eGeneral\u201d","block_context":{"text":"General","link":"https:\/\/paulmelian.de\/blog\/?cat=8"},"img":{"alt_text":"","src":"","width":0,"height":0},"classes":[]},{"id":1967,"url":"https:\/\/paulmelian.de\/blog\/?p=1967","url_meta":{"origin":938,"position":5},"title":"\u015etiri &#8222;impar\u0163iale&#8221;","author":"Mihai","date":"22 martie 2017","format":false,"excerpt":"TVR ne informeaz\u0103 despre ultimele ispr\u0103vi ale lui Erdogan. A\u015fa cum se cuvine unui post de televiziune rom\u00e2nesc, care nu vrea s\u0103-\u015fi atrag\u0103 cumva asupra sa reprobiul* publicului autohton, \u015ftirea se d\u0103 \u00eentr-un mod... hai s\u0103 folosesc un eufemism: echivoc. Cititorul care nu se informeaz\u0103 din alte surse, nu realizeaz\u0103\u2026","rel":"","context":"\u00cen \u201eDeutsche Erinnerungen \/ Amintiri din Germania\u201d","block_context":{"text":"Deutsche Erinnerungen \/ Amintiri din Germania","link":"https:\/\/paulmelian.de\/blog\/?cat=2"},"img":{"alt_text":"","src":"","width":0,"height":0},"classes":[]}],"post_mailing_queue_ids":[],"_links":{"self":[{"href":"https:\/\/paulmelian.de\/blog\/index.php?rest_route=\/wp\/v2\/posts\/938","targetHints":{"allow":["GET"]}}],"collection":[{"href":"https:\/\/paulmelian.de\/blog\/index.php?rest_route=\/wp\/v2\/posts"}],"about":[{"href":"https:\/\/paulmelian.de\/blog\/index.php?rest_route=\/wp\/v2\/types\/post"}],"author":[{"embeddable":true,"href":"https:\/\/paulmelian.de\/blog\/index.php?rest_route=\/wp\/v2\/users\/1"}],"replies":[{"embeddable":true,"href":"https:\/\/paulmelian.de\/blog\/index.php?rest_route=%2Fwp%2Fv2%2Fcomments&post=938"}],"version-history":[{"count":2,"href":"https:\/\/paulmelian.de\/blog\/index.php?rest_route=\/wp\/v2\/posts\/938\/revisions"}],"predecessor-version":[{"id":940,"href":"https:\/\/paulmelian.de\/blog\/index.php?rest_route=\/wp\/v2\/posts\/938\/revisions\/940"}],"wp:attachment":[{"href":"https:\/\/paulmelian.de\/blog\/index.php?rest_route=%2Fwp%2Fv2%2Fmedia&parent=938"}],"wp:term":[{"taxonomy":"category","embeddable":true,"href":"https:\/\/paulmelian.de\/blog\/index.php?rest_route=%2Fwp%2Fv2%2Fcategories&post=938"},{"taxonomy":"post_tag","embeddable":true,"href":"https:\/\/paulmelian.de\/blog\/index.php?rest_route=%2Fwp%2Fv2%2Ftags&post=938"}],"curies":[{"name":"wp","href":"https:\/\/api.w.org\/{rel}","templated":true}]}}