{"id":943,"date":"2015-04-22T08:28:36","date_gmt":"2015-04-22T06:28:36","guid":{"rendered":"http:\/\/paulmelian.de\/blog\/?p=943"},"modified":"2015-04-22T12:28:26","modified_gmt":"2015-04-22T10:28:26","slug":"alternative-la-cancer","status":"publish","type":"post","link":"https:\/\/paulmelian.de\/blog\/?p=943","title":{"rendered":"Alternative la cancer"},"content":{"rendered":"<p>Sunt destule. Scleroza multipl\u0103, mucoviscidoza, SIDA. Sau, dac\u0103 e s\u0103 mearg\u0103 repede, ciuma bubonic\u0103 sau Ebola.<br \/>\nSigur c\u0103 reclama agramat\u0103 pe care ne-o v\u00e2r\u0103 facebook pe g\u00e2t:<\/p>\n<blockquote><p><small>Alternative la cancer<br \/>\nwww.alternativelacancer.ro<br \/>\nV\u0103 prezent\u0103m protocoale alternative al cancerului care sunt folosite \u00een Europa de vest.<br \/>\n<\/small><\/p><\/blockquote>\n<p>vrea, de fapt, s\u0103 ne spun\u0103 cu totul altceva. \u00centrebarea mea este: oare de ce nu o face?<\/p>\n","protected":false},"excerpt":{"rendered":"<p>Sunt destule. Scleroza multipl\u0103, mucoviscidoza, SIDA. Sau, dac\u0103 e s\u0103 mearg\u0103 repede, ciuma bubonic\u0103 sau Ebola. Sigur c\u0103 reclama agramat\u0103 pe care ne-o v\u00e2r\u0103 facebook pe g\u00e2t: Alternative la cancer www.alternativelacancer.ro V\u0103 prezent\u0103m protocoale alternative al cancerului care sunt folosite &hellip; <a href=\"https:\/\/paulmelian.de\/blog\/?p=943\">Continu\u0103 s\u0103 cite\u0219ti <span class=\"meta-nav\">&rarr;<\/span><\/a><\/p>\n","protected":false},"author":1,"featured_media":0,"comment_status":"open","ping_status":"open","sticky":false,"template":"","format":"standard","meta":{"ngg_post_thumbnail":0,"jetpack_post_was_ever_published":false,"_jetpack_newsletter_access":"","_jetpack_dont_email_post_to_subs":false,"_jetpack_newsletter_tier_id":0,"_jetpack_memberships_contains_paywalled_content":false,"_jetpack_memberships_contains_paid_content":false,"footnotes":"","jetpack_publicize_message":"","jetpack_publicize_feature_enabled":true,"jetpack_social_post_already_shared":false,"jetpack_social_options":{"image_generator_settings":{"template":"highway","default_image_id":0,"font":"","enabled":false},"version":2}},"categories":[8,6,10,14],"tags":[],"class_list":["post-943","post","type-post","status-publish","format-standard","hentry","category-general","category-borituri","category-invatati-dracului-romaneste","category-oameni"],"jetpack_publicize_connections":[],"jetpack_featured_media_url":"","jetpack_sharing_enabled":true,"jetpack_shortlink":"https:\/\/wp.me\/p9mZDH-fd","jetpack_likes_enabled":true,"jetpack-related-posts":[{"id":87,"url":"https:\/\/paulmelian.de\/blog\/?p=87","url_meta":{"origin":943,"position":0},"title":"Retardel se retrage? Tardiv!","author":"Mihai","date":"13 februarie 2012","format":false,"excerpt":"Dac\u0103 se \u00eent\u00e2mpl\u0103 cumva s\u0103 nu \u015fti\u0163i cine e \u201eRetardel\u201d, face\u0163i o c\u0103utare prin Google cu acest cuv\u00e2nt cheie. Alege\u0163i-l din rezultatele c\u0103ut\u0103rii pe primul bloger, care afirm\u0103 despre o alt\u0103 persoan\u0103 c\u0103 acesta ar fi un \u201eretardel\u201d . Cine spune, \u0103la e! A\u0163i g\u0103sit? Aha ! \u015ei ce arat\u0103\u2026","rel":"","context":"\u00cen \u201eGeneral\u201d","block_context":{"text":"General","link":"https:\/\/paulmelian.de\/blog\/?cat=8"},"img":{"alt_text":"","src":"","width":0,"height":0},"classes":[]},{"id":3858,"url":"https:\/\/paulmelian.de\/blog\/?p=3858","url_meta":{"origin":943,"position":1},"title":"H\u00e2rburi \u015fi oale sparte","author":"Mihai","date":"14 octombrie 2019","format":false,"excerpt":"Deosebit de interesant este faptul c\u0103 tocmai cei mai intoleran\u0163i reprezentan\u0163i ai \"dreptei\" rom\u00e2ne\u015fti, \u00een frunte cu \u00eencr\u00e2ncenatul Adrian Papahagi, \u00eei acuz\u0103 pe to\u0163i cei care nu sunt de acord cu ei, de intoleran\u0163\u0103. Ei \u00ee\u015fi permit s\u0103 categoriseasc\u0103 orice curent umanist, social, cu adev\u0103rat cre\u015ftin, progresist, liberal, drept \"marxism\".\u2026","rel":"","context":"\u00cen \u201eGeneral\u201d","block_context":{"text":"General","link":"https:\/\/paulmelian.de\/blog\/?cat=8"},"img":{"alt_text":"","src":"https:\/\/i0.wp.com\/paulmelian.de\/blog\/wp-content\/uploads\/2017\/12\/Cap-de-lemn-225x300.jpg?resize=350%2C200","width":350,"height":200},"classes":[]},{"id":3933,"url":"https:\/\/paulmelian.de\/blog\/?p=3933","url_meta":{"origin":943,"position":2},"title":"Este oprit","author":"Mihai","date":"8 noiembrie 2019","format":false,"excerpt":"Azi diminea\u0163a c\u00e2inii no\u015ftri au \u00eenceput s\u0103 urle, cu botul \u00eendreptat spre cer, ca lupii. Am ie\u015fit \u00een curte s\u0103 v\u0103d \u2013 sau mai bine zis s\u0103 aud - despre ce este vorba: se manifest\u0103 \u00een acest fel la anumite zgomote, cum ar fi cele produse de sirena ma\u015finilor de\u2026","rel":"","context":"\u00cen \u201eGeneral\u201d","block_context":{"text":"General","link":"https:\/\/paulmelian.de\/blog\/?cat=8"},"img":{"alt_text":"","src":"https:\/\/i0.wp.com\/paulmelian.de\/blog\/wp-content\/uploads\/2019\/11\/Mihail-si-Gavriil-300x169.jpg?resize=350%2C200","width":350,"height":200},"classes":[]},{"id":252,"url":"https:\/\/paulmelian.de\/blog\/?p=252","url_meta":{"origin":943,"position":3},"title":"Civism \u015fi politic\u0103","author":"Mihai","date":"15 noiembrie 2014","format":false,"excerpt":"Sub acest titlu, echipa de voluntari care creeaz\u0103 DEX Online public\u0103 un text care ne arat\u0103 de ce se implic\u0103 \u00een procesul de formare a opiniei politice din Rom\u00e2nia. Recomand lectura acestui articol, care, dup\u0103 p\u0103rerea mea, nu necesit\u0103 comentarii. \u00cen campania electoral\u0103 actual\u0103, aceela\u015fi colectiv recomand\u0103 cititorilor s\u0103i s\u0103-l\u2026","rel":"","context":"\u00cen \u201eDeutsche Erinnerungen \/ Amintiri din Germania\u201d","block_context":{"text":"Deutsche Erinnerungen \/ Amintiri din Germania","link":"https:\/\/paulmelian.de\/blog\/?cat=2"},"img":{"alt_text":"","src":"","width":0,"height":0},"classes":[]},{"id":981,"url":"https:\/\/paulmelian.de\/blog\/?p=981","url_meta":{"origin":943,"position":4},"title":"USL redivivus?","author":"Mihai","date":"6 iunie 2015","format":false,"excerpt":"Sub titlul foarte spiritual \"Cum \u015fi-a sinucis Ponta partidul\", d-na Alina Mungiu-Pippidi public\u0103 un articola\u015f \u00een care consider\u0103, printre altele, c\u0103 o \"Mare Coali\u0163ie\" PSD-PNL ar fi mai benefic\u0103 Rom\u00e2niei dec\u00e2t situa\u0163ia creat\u0103 \u00een urma pierderii alegerilor preziden\u0163iale de c\u0103tre PSD-Ponta \u015fi a urm\u0103ririi sale penale. (Urm\u0103rirea penal\u0103 se refer\u0103,\u2026","rel":"","context":"\u00cen \u201eDeutsche Erinnerungen \/ Amintiri din Germania\u201d","block_context":{"text":"Deutsche Erinnerungen \/ Amintiri din Germania","link":"https:\/\/paulmelian.de\/blog\/?cat=2"},"img":{"alt_text":"","src":"","width":0,"height":0},"classes":[]},{"id":1389,"url":"https:\/\/paulmelian.de\/blog\/?p=1389","url_meta":{"origin":943,"position":5},"title":"Perit-au mili\u0163ienii?","author":"Mihai","date":"11 ianuarie 2016","format":false,"excerpt":"Un nu hot\u0103r\u00e2t. P\u0103str\u00e2ndu-le o amintire pioas\u0103 \u00eenc\u0103 din tinere\u0163e, \u00eemi este u\u015for s\u0103-i recunosc: sunt peste tot, s-au reciclat, s-au aranjat, unii chiar au \u00eentinerit... Pe cei mai simpli dintre ei (fo\u015fti serjen\u0163i sau plotoneri) \u00eei reg\u0103se\u015fti \u00een ghereta portarului la tot felul de institu\u0163ii. Te las\u0103 s\u0103 intri\u2026","rel":"","context":"\u00cen \u201eGeneral\u201d","block_context":{"text":"General","link":"https:\/\/paulmelian.de\/blog\/?cat=8"},"img":{"alt_text":"","src":"","width":0,"height":0},"classes":[]}],"post_mailing_queue_ids":[],"_links":{"self":[{"href":"https:\/\/paulmelian.de\/blog\/index.php?rest_route=\/wp\/v2\/posts\/943","targetHints":{"allow":["GET"]}}],"collection":[{"href":"https:\/\/paulmelian.de\/blog\/index.php?rest_route=\/wp\/v2\/posts"}],"about":[{"href":"https:\/\/paulmelian.de\/blog\/index.php?rest_route=\/wp\/v2\/types\/post"}],"author":[{"embeddable":true,"href":"https:\/\/paulmelian.de\/blog\/index.php?rest_route=\/wp\/v2\/users\/1"}],"replies":[{"embeddable":true,"href":"https:\/\/paulmelian.de\/blog\/index.php?rest_route=%2Fwp%2Fv2%2Fcomments&post=943"}],"version-history":[{"count":1,"href":"https:\/\/paulmelian.de\/blog\/index.php?rest_route=\/wp\/v2\/posts\/943\/revisions"}],"predecessor-version":[{"id":944,"href":"https:\/\/paulmelian.de\/blog\/index.php?rest_route=\/wp\/v2\/posts\/943\/revisions\/944"}],"wp:attachment":[{"href":"https:\/\/paulmelian.de\/blog\/index.php?rest_route=%2Fwp%2Fv2%2Fmedia&parent=943"}],"wp:term":[{"taxonomy":"category","embeddable":true,"href":"https:\/\/paulmelian.de\/blog\/index.php?rest_route=%2Fwp%2Fv2%2Fcategories&post=943"},{"taxonomy":"post_tag","embeddable":true,"href":"https:\/\/paulmelian.de\/blog\/index.php?rest_route=%2Fwp%2Fv2%2Ftags&post=943"}],"curies":[{"name":"wp","href":"https:\/\/api.w.org\/{rel}","templated":true}]}}