{"id":946,"date":"2015-04-26T13:48:49","date_gmt":"2015-04-26T11:48:49","guid":{"rendered":"http:\/\/paulmelian.de\/blog\/?p=946"},"modified":"2015-04-26T13:48:49","modified_gmt":"2015-04-26T11:48:49","slug":"remember","status":"publish","type":"post","link":"https:\/\/paulmelian.de\/blog\/?p=946","title":{"rendered":"Remember"},"content":{"rendered":"<p>Se \u00eemplinesc m\u00e2ine trei ani de la acapararea puterii de c\u0103tre a\u015fa zisa Uniune Social Liberal\u0103. (N-am folosit calificativul de &#8222;lovitur\u0103 de stat&#8221;, autorii erau prea \u00eengr\u0103m\u0103di\u0163i ca s\u0103 poat\u0103 duce la bun sf\u00e2r\u015fit a\u015fa ceva: Uniunea Slugoilor \u015fi Lichelelor.)<br \/>\nD-l Victor-Viorel Ponta profit\u0103 de aniversare ca s\u0103 <a href=\"https:\/\/blogponta.wordpress.com\/2015\/04\/26\/3-ani-de-la-inceputul-sfarsitului-regimului-basescu-mru-predoiu\">aminteasc\u0103<\/a> acest eveniment. Cu aceast\u0103 ocazie ne face \u015fi un mare serviciu: public\u0103 o list\u0103 cu parlamentarii care au votat atunci pentru mo\u0163iunea de cenzur\u0103 \u00eempotriva guvernului Mihai R\u0103zvan Ungureanu. \u00cei mul\u0163umim. Ne vom aminti \u00eentotdeauna de ei.<\/p>\n<p>PS<br \/>\nConstat\u0103m cu satisfac\u0163ie c\u0103 invita\u0163ia lansat\u0103 de Ponta cu aceast\u0103 ocazie nu va putea fi urmat\u0103 de mul\u0163i dintre semnatari, din motivele cunoscute. Le ur\u0103m \u015fi celorlal\u0163i un c\u0103lduros: La Mai Mul\u0163i Ani!<\/p>\n","protected":false},"excerpt":{"rendered":"<p>Se \u00eemplinesc m\u00e2ine trei ani de la acapararea puterii de c\u0103tre a\u015fa zisa Uniune Social Liberal\u0103. (N-am folosit calificativul de &#8222;lovitur\u0103 de stat&#8221;, autorii erau prea \u00eengr\u0103m\u0103di\u0163i ca s\u0103 poat\u0103 duce la bun sf\u00e2r\u015fit a\u015fa ceva: Uniunea Slugoilor \u015fi Lichelelor.) &hellip; <a href=\"https:\/\/paulmelian.de\/blog\/?p=946\">Continu\u0103 s\u0103 cite\u0219ti <span class=\"meta-nav\">&rarr;<\/span><\/a><\/p>\n","protected":false},"author":1,"featured_media":0,"comment_status":"open","ping_status":"open","sticky":false,"template":"","format":"standard","meta":{"ngg_post_thumbnail":0,"jetpack_post_was_ever_published":false,"_jetpack_newsletter_access":"","_jetpack_dont_email_post_to_subs":false,"_jetpack_newsletter_tier_id":0,"_jetpack_memberships_contains_paywalled_content":false,"_jetpack_memberships_contains_paid_content":false,"footnotes":"","jetpack_publicize_message":"","jetpack_publicize_feature_enabled":true,"jetpack_social_post_already_shared":false,"jetpack_social_options":{"image_generator_settings":{"template":"highway","default_image_id":0,"font":"","enabled":false},"version":2}},"categories":[8,6,14,17,19],"tags":[],"class_list":["post-946","post","type-post","status-publish","format-standard","hentry","category-general","category-borituri","category-oameni","category-politica","category-romania-in-lume"],"jetpack_publicize_connections":[],"jetpack_featured_media_url":"","jetpack_sharing_enabled":true,"jetpack_shortlink":"https:\/\/wp.me\/s9mZDH-remember","jetpack_likes_enabled":true,"jetpack-related-posts":[{"id":2374,"url":"https:\/\/paulmelian.de\/blog\/?p=2374","url_meta":{"origin":946,"position":0},"title":"\u0162int\u0103 ratat\u0103","author":"Mihai","date":"4 decembrie 2017","format":false,"excerpt":"Acu\u2019 vreo zece ani\u015fori comentam destul de des pe o platform\u0103 de internet din Germania, unde se discutau cele mai diverse teme, de la politic\u0103 p\u00e2n\u0103 la literatur\u0103. Am avut, cu aceast\u0103 ocazie, o divergen\u0163\u0103 de p\u0103reri cu un comentator austriac, un tip plin de sine, cu veleit\u0103\u0163i de scriitor,\u2026","rel":"","context":"\u00cen \u201eDeutsche Erinnerungen \/ Amintiri din Germania\u201d","block_context":{"text":"Deutsche Erinnerungen \/ Amintiri din Germania","link":"https:\/\/paulmelian.de\/blog\/?cat=2"},"img":{"alt_text":"","src":"https:\/\/i0.wp.com\/paulmelian.de\/blog\/wp-content\/uploads\/2017\/12\/Cap-de-lemn.jpg?resize=350%2C200","width":350,"height":200},"classes":[]},{"id":252,"url":"https:\/\/paulmelian.de\/blog\/?p=252","url_meta":{"origin":946,"position":1},"title":"Civism \u015fi politic\u0103","author":"Mihai","date":"15 noiembrie 2014","format":false,"excerpt":"Sub acest titlu, echipa de voluntari care creeaz\u0103 DEX Online public\u0103 un text care ne arat\u0103 de ce se implic\u0103 \u00een procesul de formare a opiniei politice din Rom\u00e2nia. Recomand lectura acestui articol, care, dup\u0103 p\u0103rerea mea, nu necesit\u0103 comentarii. \u00cen campania electoral\u0103 actual\u0103, aceela\u015fi colectiv recomand\u0103 cititorilor s\u0103i s\u0103-l\u2026","rel":"","context":"\u00cen \u201eDeutsche Erinnerungen \/ Amintiri din Germania\u201d","block_context":{"text":"Deutsche Erinnerungen \/ Amintiri din Germania","link":"https:\/\/paulmelian.de\/blog\/?cat=2"},"img":{"alt_text":"","src":"","width":0,"height":0},"classes":[]},{"id":1018,"url":"https:\/\/paulmelian.de\/blog\/?p=1018","url_meta":{"origin":946,"position":2},"title":"Reac\u0163ia lui CTP la 25 de ani de la cea mai brutal\u0103 mineriad\u0103","author":"Mihai","date":"14 iunie 2015","format":false,"excerpt":"A\u0163i ghicit: ZERO. \u00cen schimb, CTP se apropie treptat de nivelul intelectual al lui CPT. \u00centr-un articol cu titlul \"V. Ponta nu trebuie s\u0103 demisioneze pentru c\u0103 e urm\u0103rit penal\", introducerea sun\u0103 cam a\u015fa: Subsemnatul nu sunt de p\u0103rere c\u0103 V. Ponta trebuie s\u0103-\u015fi dea demisia pentru c\u0103 e urm\u0103rit\u2026","rel":"","context":"\u00cen \u201eGeneral\u201d","block_context":{"text":"General","link":"https:\/\/paulmelian.de\/blog\/?cat=8"},"img":{"alt_text":"","src":"","width":0,"height":0},"classes":[]},{"id":2336,"url":"https:\/\/paulmelian.de\/blog\/?p=2336","url_meta":{"origin":946,"position":3},"title":"You made my day, Dan-Vladimir Popescu!","author":"Mihai","date":"29 noiembrie 2017","format":false,"excerpt":"La articolul\u00a0 unuia dintre pigmeii mei prefera\u0163i, care se pl\u00e2nge c\u0103 facebook i-a \u015fters nu\u015f' ce comentariu, domnul pomenit \u00een titlu comenteaz\u0103 cam a\u015fa: Facebook are nevoie de o concurenta serioasa. Mai ales ca in cadrul conducerii acestei companii gasim multi oameni recenti. Vreau s\u0103 comentez \u015fi eu, da' \u00een\u2026","rel":"","context":"\u00cen \u201eGeneral\u201d","block_context":{"text":"General","link":"https:\/\/paulmelian.de\/blog\/?cat=8"},"img":{"alt_text":"","src":"","width":0,"height":0},"classes":[]},{"id":89,"url":"https:\/\/paulmelian.de\/blog\/?p=89","url_meta":{"origin":946,"position":4},"title":"Tichia de m\u0103rg\u0103ritar","author":"Mihai","date":"15 februarie 2012","format":false,"excerpt":"Afl\u0103m aici faptul c\u0103 Rom\u00e2nia a lansat primul nanosatelit rom\u00e2nesc, un cub de zece pe zece centimetri, care poart\u0103 numele foarte potrivit de \u201cGoliat\u201d: Satelitul GOLIAT este dezvoltat \u00een conformitate cu standardul interna\u0163ional CubeSat \u015fi \u00ee\u015fi propune realizarea de imagini de \u00eenalt\u0103 rezolu\u0163ie, de m\u0103sur\u0103ri ale dozei de radia\u0163ii \u015fi\u2026","rel":"","context":"\u00cen \u201eGeneral\u201d","block_context":{"text":"General","link":"https:\/\/paulmelian.de\/blog\/?cat=8"},"img":{"alt_text":"","src":"","width":0,"height":0},"classes":[]},{"id":5145,"url":"https:\/\/paulmelian.de\/blog\/?p=5145","url_meta":{"origin":946,"position":5},"title":"Corona &#038; CCR","author":"Mihai","date":"16 septembrie 2020","format":false,"excerpt":"Se pare c\u0103, \u00eencet \u00eencet, virusul ajunge \u015fi la aceast\u0103 ilustr\u0103 institu\u0163ie. Le dorim tuturor, cu aceast\u0103 ocazie, cele cuvenite.","rel":"","context":"\u00cen \u201eGeneral\u201d","block_context":{"text":"General","link":"https:\/\/paulmelian.de\/blog\/?cat=8"},"img":{"alt_text":"","src":"https:\/\/i0.wp.com\/paulmelian.de\/blog\/wp-content\/uploads\/2018\/01\/Waage-2-300x225.jpg?resize=350%2C200","width":350,"height":200},"classes":[]}],"post_mailing_queue_ids":[],"_links":{"self":[{"href":"https:\/\/paulmelian.de\/blog\/index.php?rest_route=\/wp\/v2\/posts\/946","targetHints":{"allow":["GET"]}}],"collection":[{"href":"https:\/\/paulmelian.de\/blog\/index.php?rest_route=\/wp\/v2\/posts"}],"about":[{"href":"https:\/\/paulmelian.de\/blog\/index.php?rest_route=\/wp\/v2\/types\/post"}],"author":[{"embeddable":true,"href":"https:\/\/paulmelian.de\/blog\/index.php?rest_route=\/wp\/v2\/users\/1"}],"replies":[{"embeddable":true,"href":"https:\/\/paulmelian.de\/blog\/index.php?rest_route=%2Fwp%2Fv2%2Fcomments&post=946"}],"version-history":[{"count":2,"href":"https:\/\/paulmelian.de\/blog\/index.php?rest_route=\/wp\/v2\/posts\/946\/revisions"}],"predecessor-version":[{"id":948,"href":"https:\/\/paulmelian.de\/blog\/index.php?rest_route=\/wp\/v2\/posts\/946\/revisions\/948"}],"wp:attachment":[{"href":"https:\/\/paulmelian.de\/blog\/index.php?rest_route=%2Fwp%2Fv2%2Fmedia&parent=946"}],"wp:term":[{"taxonomy":"category","embeddable":true,"href":"https:\/\/paulmelian.de\/blog\/index.php?rest_route=%2Fwp%2Fv2%2Fcategories&post=946"},{"taxonomy":"post_tag","embeddable":true,"href":"https:\/\/paulmelian.de\/blog\/index.php?rest_route=%2Fwp%2Fv2%2Ftags&post=946"}],"curies":[{"name":"wp","href":"https:\/\/api.w.org\/{rel}","templated":true}]}}