{"id":950,"date":"2015-05-12T13:44:35","date_gmt":"2015-05-12T11:44:35","guid":{"rendered":"http:\/\/paulmelian.de\/blog\/?p=950"},"modified":"2015-05-12T13:44:35","modified_gmt":"2015-05-12T11:44:35","slug":"cum-i-se-da-apa-la-moara-lui-ponta","status":"publish","type":"post","link":"https:\/\/paulmelian.de\/blog\/?p=950","title":{"rendered":"Cum i se d\u0103 ap\u0103 la moar\u0103 lui Ponta"},"content":{"rendered":"<p>Unii <a href=\"http:\/\/www.revista22.ro\/noi-stenograme-din-pnl-marian-petrache-pnl-colaborarea-dintre-noi-e-la-pamant-alina-gorghiu-acuza-pdl-ca-nu-vrea-sa-faca-majoritate-la-senat-55725.html\">vorbesc<\/a> prea mult, al\u0163ii sufer\u0103 de <a href=\"http:\/\/www.contributors.ro\/fara-categorie\/klaus-iohannis-fa%C8%9Ba-cu-facebook-ul\/\">autism preziden\u0163ial<\/a>.<br \/>\nIar Ponta <a href=\"http:\/\/www.revista22.ro\/senatorii-au-votat-modificari-la-codul-de-procedura-penala-arestarea-preventiva-facuta-pe-baza-unor-indicii-temeinice-in-locul-suspiciunilor-rezonabile-55690.html\">tace \u015fi face<\/a>.<br \/>\nS\u0103 ne mai mir\u0103m c\u0103 pleac\u0103 lumea din \u0163ar\u0103?<\/p>\n","protected":false},"excerpt":{"rendered":"<p>Unii vorbesc prea mult, al\u0163ii sufer\u0103 de autism preziden\u0163ial. Iar Ponta tace \u015fi face. S\u0103 ne mai mir\u0103m c\u0103 pleac\u0103 lumea din \u0163ar\u0103?<\/p>\n","protected":false},"author":1,"featured_media":0,"comment_status":"open","ping_status":"open","sticky":false,"template":"","format":"standard","meta":{"ngg_post_thumbnail":0,"jetpack_post_was_ever_published":false,"_jetpack_newsletter_access":"","_jetpack_dont_email_post_to_subs":false,"_jetpack_newsletter_tier_id":0,"_jetpack_memberships_contains_paywalled_content":false,"_jetpack_memberships_contains_paid_content":false,"footnotes":"","jetpack_publicize_message":"","jetpack_publicize_feature_enabled":true,"jetpack_social_post_already_shared":false,"jetpack_social_options":{"image_generator_settings":{"template":"highway","default_image_id":0,"font":"","enabled":false},"version":2}},"categories":[8,6,14,17],"tags":[],"class_list":["post-950","post","type-post","status-publish","format-standard","hentry","category-general","category-borituri","category-oameni","category-politica"],"jetpack_publicize_connections":[],"jetpack_featured_media_url":"","jetpack_sharing_enabled":true,"jetpack_shortlink":"https:\/\/wp.me\/p9mZDH-fk","jetpack_likes_enabled":true,"jetpack-related-posts":[{"id":118,"url":"https:\/\/paulmelian.de\/blog\/?p=118","url_meta":{"origin":950,"position":0},"title":"Obr\u0103znicie infantil\u0103","author":"Mihai","date":"10 iulie 2012","format":false,"excerpt":"Trebuie musai s\u0103 parafrazez bancul cu Dumnezeu \u015fi Nietzsche. Ponta despre Merkel: \"Merkel nu voteaz\u0103\" Merkel despre Ponta: \"Ponta nu ponteaz\u0103\" Dar cred totu\u015fi c\u0103 Angela Merkel (pe care eu, \u00eentre noi fie vorba, n-o prea \u00eenghit), se \u00een\u015fal\u0103. Ponta nu conteaz\u0103. \u0102la care nu ponteaz\u0103 e Cramponescu.","rel":"","context":"\u00cen \u201eGeneral\u201d","block_context":{"text":"General","link":"https:\/\/paulmelian.de\/blog\/?cat=8"},"img":{"alt_text":"","src":"","width":0,"height":0},"classes":[]},{"id":251,"url":"https:\/\/paulmelian.de\/blog\/?p=251","url_meta":{"origin":950,"position":1},"title":"Ponta p\u0103g\u00e2n! Turnur\u0103 senza\u0163ional\u0103 \u00een alegeri!","author":"Mihai","date":"14 noiembrie 2014","format":false,"excerpt":"Printr-o \u00eent\u00e2mplare aproape incredibil\u0103, a fost descoperit ieri certificatul de botez al candidatului la Pre\u015fedin\u0163ie Victor Ponta. Aceast\u0103 descoperire vine \u00eentr-un moment hot\u0103r\u00eetor pentru rezultatul alegerilor: Biserica Ortodox\u0103 Rom\u00e2n\u0103, care \u00eel sprijin\u0103 pe acesta deoarece ar fi rom\u00e2n, cre\u015ftin \u015fi ortodox, \u00eencepuse deja, datorit\u0103 dezv\u0103luirilor de ultim\u0103 or\u0103 din Wikipedia,\u2026","rel":"","context":"\u00cen \u201eGeneral\u201d","block_context":{"text":"General","link":"https:\/\/paulmelian.de\/blog\/?cat=8"},"img":{"alt_text":"","src":"","width":0,"height":0},"classes":[]},{"id":1018,"url":"https:\/\/paulmelian.de\/blog\/?p=1018","url_meta":{"origin":950,"position":2},"title":"Reac\u0163ia lui CTP la 25 de ani de la cea mai brutal\u0103 mineriad\u0103","author":"Mihai","date":"14 iunie 2015","format":false,"excerpt":"A\u0163i ghicit: ZERO. \u00cen schimb, CTP se apropie treptat de nivelul intelectual al lui CPT. \u00centr-un articol cu titlul \"V. Ponta nu trebuie s\u0103 demisioneze pentru c\u0103 e urm\u0103rit penal\", introducerea sun\u0103 cam a\u015fa: Subsemnatul nu sunt de p\u0103rere c\u0103 V. Ponta trebuie s\u0103-\u015fi dea demisia pentru c\u0103 e urm\u0103rit\u2026","rel":"","context":"\u00cen \u201eGeneral\u201d","block_context":{"text":"General","link":"https:\/\/paulmelian.de\/blog\/?cat=8"},"img":{"alt_text":"","src":"","width":0,"height":0},"classes":[]},{"id":225,"url":"https:\/\/paulmelian.de\/blog\/?p=225","url_meta":{"origin":950,"position":3},"title":"Ponta \u015fi Dragnea, transsexuali?","author":"Mihai","date":"30 august 2014","format":false,"excerpt":"Se pare c\u0103 cei doi lideri PSD nu prea se simt bine \u00een corpurile lor de b\u0103rba\u0163isex masculin \u015fi se preg\u0103tesc de opera\u0163ii \u015fi tratament de schimbare a sexului. Altfel nu pot s\u0103-mi explic apelul lor la aleg\u0103tori ca ace\u015ftia s\u0103 urmeze forma de adresare din Teleorman \"F\u0103 Ponta\" \u015fi\u2026","rel":"","context":"\u00cen \u201eGeneral\u201d","block_context":{"text":"General","link":"https:\/\/paulmelian.de\/blog\/?cat=8"},"img":{"alt_text":"","src":"","width":0,"height":0},"classes":[]},{"id":263,"url":"https:\/\/paulmelian.de\/blog\/?p=263","url_meta":{"origin":950,"position":4},"title":"Vangheliada","author":"Mihai","date":"28 noiembrie 2014","format":false,"excerpt":"De data asta nu mai e glum\u0103, proasp\u0103tul fost membru PSD Marian Vanghelie \u00eei declar\u0103 r\u0103zboi lui Ponta: Ponta crede ca pacaleste. Nu mai pacaleste pe nimeni. El o sa vada daca am valoare, daca nu am valoare. Doua saptamani, Victore! Ne masuram valoarea. Nu cred ca mai functioneaza mult.\u2026","rel":"","context":"\u00cen \u201eGeneral\u201d","block_context":{"text":"General","link":"https:\/\/paulmelian.de\/blog\/?cat=8"},"img":{"alt_text":"","src":"","width":0,"height":0},"classes":[]},{"id":1299,"url":"https:\/\/paulmelian.de\/blog\/?p=1299","url_meta":{"origin":950,"position":5},"title":"Cadou, pe naiba!","author":"Mihai","date":"4 noiembrie 2015","format":false,"excerpt":"Traian B\u0103sescu se pare c\u0103 se proste\u015fte pe zi ce trece, consider\u0103 demisia lui Ponta ca pe un \"cadou pentru \u0163ar\u0103\". Care cadou, domnule? Ponta \u015fi-a pl\u0103tit prin asta doar o infim\u0103 parte din datoria pe care o avea pentru \u0163ara asta. \u00a0","rel":"","context":"\u00cen \u201eGeneral\u201d","block_context":{"text":"General","link":"https:\/\/paulmelian.de\/blog\/?cat=8"},"img":{"alt_text":"","src":"","width":0,"height":0},"classes":[]}],"post_mailing_queue_ids":[],"_links":{"self":[{"href":"https:\/\/paulmelian.de\/blog\/index.php?rest_route=\/wp\/v2\/posts\/950","targetHints":{"allow":["GET"]}}],"collection":[{"href":"https:\/\/paulmelian.de\/blog\/index.php?rest_route=\/wp\/v2\/posts"}],"about":[{"href":"https:\/\/paulmelian.de\/blog\/index.php?rest_route=\/wp\/v2\/types\/post"}],"author":[{"embeddable":true,"href":"https:\/\/paulmelian.de\/blog\/index.php?rest_route=\/wp\/v2\/users\/1"}],"replies":[{"embeddable":true,"href":"https:\/\/paulmelian.de\/blog\/index.php?rest_route=%2Fwp%2Fv2%2Fcomments&post=950"}],"version-history":[{"count":1,"href":"https:\/\/paulmelian.de\/blog\/index.php?rest_route=\/wp\/v2\/posts\/950\/revisions"}],"predecessor-version":[{"id":951,"href":"https:\/\/paulmelian.de\/blog\/index.php?rest_route=\/wp\/v2\/posts\/950\/revisions\/951"}],"wp:attachment":[{"href":"https:\/\/paulmelian.de\/blog\/index.php?rest_route=%2Fwp%2Fv2%2Fmedia&parent=950"}],"wp:term":[{"taxonomy":"category","embeddable":true,"href":"https:\/\/paulmelian.de\/blog\/index.php?rest_route=%2Fwp%2Fv2%2Fcategories&post=950"},{"taxonomy":"post_tag","embeddable":true,"href":"https:\/\/paulmelian.de\/blog\/index.php?rest_route=%2Fwp%2Fv2%2Ftags&post=950"}],"curies":[{"name":"wp","href":"https:\/\/api.w.org\/{rel}","templated":true}]}}