{"id":953,"date":"2015-05-13T09:28:46","date_gmt":"2015-05-13T07:28:46","guid":{"rendered":"http:\/\/paulmelian.de\/blog\/?p=953"},"modified":"2015-09-26T08:19:15","modified_gmt":"2015-09-26T06:19:15","slug":"nedumeriri","status":"publish","type":"post","link":"https:\/\/paulmelian.de\/blog\/?p=953","title":{"rendered":"Nedumeriri"},"content":{"rendered":"<p>Citesc pe site-ul ARD <a href=\"http:\/\/www.tagesschau.de\/ausland\/nordkorea-hinrichtung-101.html\">o \u015ftire<\/a> potrivit c\u0103reia dictatorul nord-coreean Kim Jong-Un ar fi dat dispozi\u0163ie ca Ministrul Ap\u0103r\u0103rii Hyon Yong Chol\u00a0s\u0103 fie, pentru faptul c\u0103 ar fi dormit la \u015fedin\u0163e \u015fi l-ar fi contrazis, executat. Aceasta m\u0103 face pe mine s\u0103 remarc urm\u0103toarele:<!--more--><\/p>\n<ol>\n<li>\u00a0Vorbitul \u00een somn este nes\u0103n\u0103tos<\/li>\n<li>  Dac\u0103 tot nu te po\u0163i st\u0103p\u00e2ni s\u0103 vorbe\u015fti \u00een somn, m\u0103car s\u0103 ai grij\u0103 s\u0103 nu contrazici!\n<li>\u00a0\u00cen Coreea de Nord p\u00e2n\u0103 \u015fi \u00een\u0163elepciunea popular\u0103 &#8222;Cine doarme nu p\u0103c\u0103tuie\u015fte&#8221; a fost declarat\u0103 reac\u0163ionar\u0103.<\/li>\n<\/ol>\n<p>Demn de re\u0163inut este \u015fi modul \u00een care a avut loc execu\u0163ia, \u015fi anume prin intermediul unor tunuri antiaeriene. M\u0103 \u00eentreb cum a fost oare propulsat ministrul \u00een aer, cu un avion sau cu o rachet\u0103?<\/p>\n<p>Agerpress <a href=\"http:\/\/www.agerpres.ro\/externe\/2015\/05\/13\/coreea-de-nord-ministrul-apararii-a-fost-executat-agentia-yonhap--07-24-39\">ne informeaz\u0103<\/a> pe aceea\u015fi tem\u0103 c\u0103 execu\u0163ia ar fi avut loc cu ajutorul unei <strong>rachete*<\/strong> antiaeriene. Alt\u0103 nedumerire: a fost ministrul legat de rachet\u0103 sau de \u0163int\u0103?<\/p>\n<p>Un alt lucru care \u00eemi d\u0103 de g\u00e2ndit este <a href=\"http:\/\/stiri.tvr.ro\/liderul-nord-coreean-si-a-otravit-propria-matusa--potrivit-declaratiilor-unui-transfug_60288.html\">\u015ftirea<\/a> pe care o citesc \u00een aceea\u015fi zi pe portalul de \u015ftiri al TVR, dup\u0103 care dictatorul \u015fi-ar fi executat propria m\u0103tu\u015f\u0103. Oare \u0103sta chiar \u015fi-a f\u0103cut m\u0103tu\u015fa Ministru al Ap\u0103r\u0103rii?<a href=\"https:\/\/i0.wp.com\/paulmelian.de\/blog\/wp-content\/uploads\/2015\/05\/kim-neujahr-101_v-videowebl.jpg\"><img data-recalc-dims=\"1\" loading=\"lazy\" decoding=\"async\" data-attachment-id=\"955\" data-permalink=\"https:\/\/paulmelian.de\/blog\/?attachment_id=955\" data-orig-file=\"https:\/\/i0.wp.com\/paulmelian.de\/blog\/wp-content\/uploads\/2015\/05\/kim-neujahr-101_v-videowebl.jpg?fit=960%2C544&amp;ssl=1\" data-orig-size=\"960,544\" data-comments-opened=\"1\" data-image-meta=\"{&quot;aperture&quot;:&quot;0&quot;,&quot;credit&quot;:&quot;&quot;,&quot;camera&quot;:&quot;&quot;,&quot;caption&quot;:&quot;&quot;,&quot;created_timestamp&quot;:&quot;0&quot;,&quot;copyright&quot;:&quot;&quot;,&quot;focal_length&quot;:&quot;0&quot;,&quot;iso&quot;:&quot;0&quot;,&quot;shutter_speed&quot;:&quot;0&quot;,&quot;title&quot;:&quot;&quot;,&quot;orientation&quot;:&quot;0&quot;}\" data-image-title=\"kim-neujahr-101~_v-videowebl\" data-image-description=\"\" data-image-caption=\"\" data-large-file=\"https:\/\/i0.wp.com\/paulmelian.de\/blog\/wp-content\/uploads\/2015\/05\/kim-neujahr-101_v-videowebl.jpg?fit=640%2C363&amp;ssl=1\" class=\"aligncenter size-medium wp-image-955\" src=\"https:\/\/i0.wp.com\/paulmelian.de\/blog\/wp-content\/uploads\/2015\/05\/kim-neujahr-101_v-videowebl-300x170.jpg?resize=300%2C170\" alt=\"kim-neujahr-101~_v-videowebl\" width=\"300\" height=\"170\" srcset=\"https:\/\/i0.wp.com\/paulmelian.de\/blog\/wp-content\/uploads\/2015\/05\/kim-neujahr-101_v-videowebl.jpg?resize=300%2C170&amp;ssl=1 300w, https:\/\/i0.wp.com\/paulmelian.de\/blog\/wp-content\/uploads\/2015\/05\/kim-neujahr-101_v-videowebl.jpg?w=960&amp;ssl=1 960w\" sizes=\"auto, (max-width: 300px) 100vw, 300px\" \/><\/a><\/p>\n<p>* <small>Probabil c\u0103 Agerpres traduce un <a href=\"http:\/\/english.yonhapnews.co.kr\/northkorea\/2015\/05\/13\/64\/0401000000AEN20150513002853315F.html\">articol<\/a> scris \u00een englez\u0103 crez\u00e2nd c\u0103 e scris \u00een coreean\u0103&#8230;<\/small><\/p>\n<p>&nbsp;<\/p>\n","protected":false},"excerpt":{"rendered":"<p>Citesc pe site-ul ARD o \u015ftire potrivit c\u0103reia dictatorul nord-coreean Kim Jong-Un ar fi dat dispozi\u0163ie ca Ministrul Ap\u0103r\u0103rii Hyon Yong Chol\u00a0s\u0103 fie, pentru faptul c\u0103 ar fi dormit la \u015fedin\u0163e \u015fi l-ar fi contrazis, executat. Aceasta m\u0103 face pe &hellip; <a href=\"https:\/\/paulmelian.de\/blog\/?p=953\">Continu\u0103 s\u0103 cite\u0219ti <span class=\"meta-nav\">&rarr;<\/span><\/a><\/p>\n","protected":false},"author":1,"featured_media":0,"comment_status":"open","ping_status":"open","sticky":false,"template":"","format":"standard","meta":{"ngg_post_thumbnail":0,"jetpack_post_was_ever_published":false,"_jetpack_newsletter_access":"","_jetpack_dont_email_post_to_subs":false,"_jetpack_newsletter_tier_id":0,"_jetpack_memberships_contains_paywalled_content":false,"_jetpack_memberships_contains_paid_content":false,"footnotes":"","jetpack_publicize_message":"","jetpack_publicize_feature_enabled":true,"jetpack_social_post_already_shared":false,"jetpack_social_options":{"image_generator_settings":{"template":"highway","default_image_id":0,"font":"","enabled":false},"version":2}},"categories":[8,6,14,17],"tags":[],"class_list":["post-953","post","type-post","status-publish","format-standard","hentry","category-general","category-borituri","category-oameni","category-politica"],"jetpack_publicize_connections":[],"jetpack_featured_media_url":"","jetpack_sharing_enabled":true,"jetpack_shortlink":"https:\/\/wp.me\/p9mZDH-fn","jetpack_likes_enabled":true,"jetpack-related-posts":[{"id":90,"url":"https:\/\/paulmelian.de\/blog\/?p=90","url_meta":{"origin":953,"position":0},"title":"Dezavantajele logicii","author":"Paul","date":"16 februarie 2012","format":false,"excerpt":"Azi diminea\u0163a, cu pu\u0163in \u00eenainte de a m\u0103 trezi, am visat c\u0103 la o mas\u0103 festiv\u0103 mi se oferea un pahar de \u015fnaps. Judec\u00e2nd dup\u0103 m\u0103rimea paharului trebuie s\u0103 fi fost o licoare foarte tare, iar culoarea u\u015for g\u0103lbuie tr\u0103da o v\u00e2rst\u0103 respectabil\u0103. Primul g\u00e2nd care mi-a trecut prin cap\u2026","rel":"","context":"\u00cen \u201ePlatit\u00fcden \/ Platitudini\u201d","block_context":{"text":"Platit\u00fcden \/ Platitudini","link":"https:\/\/paulmelian.de\/blog\/?cat=16"},"img":{"alt_text":"","src":"","width":0,"height":0},"classes":[]},{"id":49,"url":"https:\/\/paulmelian.de\/blog\/?p=49","url_meta":{"origin":953,"position":1},"title":"Scrisoare deschis\u0103 c\u0103tre Prim\u0103ria Comunei C\u0103pu\u015fu Mare","author":"Mihai","date":"4 februarie 2010","format":false,"excerpt":"Stimate d-le Primar, so\u0163ia mea, Vera Kreutzberger, a f\u0103cut \u00een ultimii doi ani c\u00e2teva sesiz\u0103ri \u015fi sugestii cu privire la situa\u0163ia general\u0103 din satul B\u0103lce\u015fti, care v-au fost adresate direct. Doresc s\u0103 m\u0103 refer azi la dou\u0103 dintre faptele amintite de d\u00e2nsa, care, \u00een mod evident, nu au avut ecoul\u2026","rel":"","context":"\u00cen \u201eGeneral\u201d","block_context":{"text":"General","link":"https:\/\/paulmelian.de\/blog\/?cat=8"},"img":{"alt_text":"","src":"","width":0,"height":0},"classes":[]},{"id":167,"url":"https:\/\/paulmelian.de\/blog\/?p=167","url_meta":{"origin":953,"position":2},"title":"Jurnalul lui Alfred Rosenberg (Fragment)","author":"Mihai","date":"19 decembrie 2013","format":false,"excerpt":"1936 25.4.[1936] La data de 25 am vorbit pentru a doua oar\u0103 la Ordensburg* Cr\u00f6ssinsee** \u00een fa\u0163a Kreisleiter***-ilor. A fost pentru mine o satisfac\u0163ie profund\u0103 cum s-au antrenat. Dar \u015fi cum au \u00een\u0163eles, atunci c\u00e2nd am \u00eenl\u0103turat c\u00e2teva dintre considera\u0163iile istorice \u00eenc\u0103 r\u0103sp\u00e2ndite. Duritatea interioar\u0103 m-a costat ani de zile\u2026","rel":"","context":"\u00cen \u201eGeneral\u201d","block_context":{"text":"General","link":"https:\/\/paulmelian.de\/blog\/?cat=8"},"img":{"alt_text":"","src":"","width":0,"height":0},"classes":[]},{"id":6619,"url":"https:\/\/paulmelian.de\/blog\/?p=6619","url_meta":{"origin":953,"position":3},"title":"Recidiv\u0103 (climatic\u0103)","author":"Mihai","date":"11 ianuarie 2024","format":false,"excerpt":"Dup\u0103 5 ani de abstinen\u0163\u0103, am dat de cur\u00e2nd iar o rait\u0103 pe www.contributors.ro ca s\u0103 aflu ce se mai \u00eent\u00e2mpl\u0103 pe-acolo. \u00cemi sare din nou \u00een ochi un articol al profesorului Cr\u00e2nganu, cu care am mai avut o alterca\u0163ie pe vremuri. Hai s\u0103-mi dau \u015fi eu, cu delicate\u0163ea \u015fi\u2026","rel":"","context":"\u00cen \u201eGeneral\u201d","block_context":{"text":"General","link":"https:\/\/paulmelian.de\/blog\/?cat=8"},"img":{"alt_text":"","src":"https:\/\/i0.wp.com\/paulmelian.de\/blog\/wp-content\/uploads\/2015\/12\/kopfsand-300x186.jpg?resize=350%2C200&ssl=1","width":350,"height":200},"classes":[]},{"id":4860,"url":"https:\/\/paulmelian.de\/blog\/?p=4860","url_meta":{"origin":953,"position":4},"title":"Polizeiliche Effizienz \/ Eficien\u0163\u0103 poli\u0163ieneasc\u0103","author":"Mihai","date":"13 iulie 2020","format":false,"excerpt":"Vier deutsche Polizisten wurden von einem Mann entwaffnet, der von der Polizei selbst wie unten aufgef\u00fchrt beschrieben wird: Bei dem Fl\u00fcchtigen handelt es sich laut Polizei um den 31-j\u00e4hrigen Yves Etienne Rausch. Er lebe ohne festen Wohnsitz im Wald um Oppenau und kenne sich dort gut aus. Rausch gilt als\u2026","rel":"","context":"\u00cen \u201eDeutsche Erinnerungen \/ Amintiri din Germania\u201d","block_context":{"text":"Deutsche Erinnerungen \/ Amintiri din Germania","link":"https:\/\/paulmelian.de\/blog\/?cat=2"},"img":{"alt_text":"","src":"https:\/\/i0.wp.com\/paulmelian.de\/blog\/wp-content\/uploads\/2020\/07\/Fl%C3%BCchtiger-300x169.jpg?resize=350%2C200","width":350,"height":200},"classes":[]},{"id":280,"url":"https:\/\/paulmelian.de\/blog\/?p=280","url_meta":{"origin":953,"position":5},"title":"Nega\u0163ionism ecologic","author":"Mihai","date":"26 ianuarie 2015","format":false,"excerpt":"Dac\u0103 v\u0103 aminti\u0163i, acum un an am avut un mic \u201cschimb de p\u0103reri\u201d cu doi redactori precum \u015fi cu doi adep\u0163i \u00eenfoca\u0163i \u015fi comentatori ai platformei \u00cen Linie Dreapt\u0103. M\u0103rul discordiei consta \u00een faptul c\u0103, baz\u00e2ndu-se \u00een special pe o perioad\u0103 de iarn\u0103 sever\u0103 \u00een America de Nord la \u00eenceputul\u2026","rel":"","context":"\u00cen \u201eGeneral\u201d","block_context":{"text":"General","link":"https:\/\/paulmelian.de\/blog\/?cat=8"},"img":{"alt_text":"","src":"","width":0,"height":0},"classes":[]}],"post_mailing_queue_ids":[],"_links":{"self":[{"href":"https:\/\/paulmelian.de\/blog\/index.php?rest_route=\/wp\/v2\/posts\/953","targetHints":{"allow":["GET"]}}],"collection":[{"href":"https:\/\/paulmelian.de\/blog\/index.php?rest_route=\/wp\/v2\/posts"}],"about":[{"href":"https:\/\/paulmelian.de\/blog\/index.php?rest_route=\/wp\/v2\/types\/post"}],"author":[{"embeddable":true,"href":"https:\/\/paulmelian.de\/blog\/index.php?rest_route=\/wp\/v2\/users\/1"}],"replies":[{"embeddable":true,"href":"https:\/\/paulmelian.de\/blog\/index.php?rest_route=%2Fwp%2Fv2%2Fcomments&post=953"}],"version-history":[{"count":12,"href":"https:\/\/paulmelian.de\/blog\/index.php?rest_route=\/wp\/v2\/posts\/953\/revisions"}],"predecessor-version":[{"id":1221,"href":"https:\/\/paulmelian.de\/blog\/index.php?rest_route=\/wp\/v2\/posts\/953\/revisions\/1221"}],"wp:attachment":[{"href":"https:\/\/paulmelian.de\/blog\/index.php?rest_route=%2Fwp%2Fv2%2Fmedia&parent=953"}],"wp:term":[{"taxonomy":"category","embeddable":true,"href":"https:\/\/paulmelian.de\/blog\/index.php?rest_route=%2Fwp%2Fv2%2Fcategories&post=953"},{"taxonomy":"post_tag","embeddable":true,"href":"https:\/\/paulmelian.de\/blog\/index.php?rest_route=%2Fwp%2Fv2%2Ftags&post=953"}],"curies":[{"name":"wp","href":"https:\/\/api.w.org\/{rel}","templated":true}]}}