{"id":964,"date":"2015-05-17T07:37:02","date_gmt":"2015-05-17T05:37:02","guid":{"rendered":"http:\/\/paulmelian.de\/blog\/?p=964"},"modified":"2015-05-18T16:49:07","modified_gmt":"2015-05-18T14:49:07","slug":"stiri-cu-gust","status":"publish","type":"post","link":"https:\/\/paulmelian.de\/blog\/?p=964","title":{"rendered":"\u015etiri cu gust"},"content":{"rendered":"<p>Agen\u0163ia Rom\u00e2n\u0103 de Pres\u0103 (pentru neini\u0163ia\u0163i: \u0103\u015ftia sunt cei care ne livreaz\u0103 &#8222;\u015etiri cu gust&#8221; \u015fi ne invit\u0103 s\u0103 mai invent\u0103m \u015fi noi c\u00e2te ceva &#8222;Actualizeaz\u0103 lumea!&#8221;) <a href=\"http:\/\/www.agerpres.ro\/ots\/2015\/05\/13\/cea-mai-mare-lectie-de-igiena-orala-din-lume-13-24-07\">ne anun\u0163\u0103<\/a> faptul c\u0103 la 16.05.15 va avea loc la T\u00e2rgu Mure\u015f &#8222;Cea mai mare lec\u0163ie de igien\u0103 oral\u0103 din lume&#8221;, tentativ\u0103 de dobor\u00e2re a recordului mondial de\u0163inut de egipteni.<br \/>\nAzi, 17.05.15., informa\u0163ia \u00een privin\u0163a reu\u015fitei sau e\u015fecului acestei tentative l\u0103udabile lipse\u015fte deocamdat\u0103. (Dup\u0103 cum am mai spus, AGERPRES: agerime de melc.)<br \/>\nDou\u0103 lucruri sunt \u00eens\u0103 sigure. \u00cen anul 2015, consumul de past\u0103 de din\u0163i pe cap de locuitor se va dubla \u00een Rom\u00e2nia prin aceast\u0103 ac\u0163iune. Din p\u0103cate vom r\u0103m\u00e2ne \u00een aceast\u0103 privin\u0163\u0103 tot pe ultimul loc \u00een Europa&#8230;<br \/>\n<a href=\"https:\/\/i0.wp.com\/paulmelian.de\/blog\/wp-content\/uploads\/2015\/05\/BannerFetch.jpg\"><img data-recalc-dims=\"1\" loading=\"lazy\" decoding=\"async\" data-attachment-id=\"965\" data-permalink=\"https:\/\/paulmelian.de\/blog\/?attachment_id=965\" data-orig-file=\"https:\/\/i0.wp.com\/paulmelian.de\/blog\/wp-content\/uploads\/2015\/05\/BannerFetch.jpg?fit=970%2C250&amp;ssl=1\" data-orig-size=\"970,250\" data-comments-opened=\"1\" data-image-meta=\"{&quot;aperture&quot;:&quot;0&quot;,&quot;credit&quot;:&quot;&quot;,&quot;camera&quot;:&quot;&quot;,&quot;caption&quot;:&quot;&quot;,&quot;created_timestamp&quot;:&quot;0&quot;,&quot;copyright&quot;:&quot;&quot;,&quot;focal_length&quot;:&quot;0&quot;,&quot;iso&quot;:&quot;0&quot;,&quot;shutter_speed&quot;:&quot;0&quot;,&quot;title&quot;:&quot;&quot;,&quot;orientation&quot;:&quot;0&quot;}\" data-image-title=\"BannerFetch\" data-image-description=\"\" data-image-caption=\"\" data-large-file=\"https:\/\/i0.wp.com\/paulmelian.de\/blog\/wp-content\/uploads\/2015\/05\/BannerFetch.jpg?fit=640%2C165&amp;ssl=1\" src=\"https:\/\/i0.wp.com\/paulmelian.de\/blog\/wp-content\/uploads\/2015\/05\/BannerFetch-300x77.jpg?resize=300%2C77\" alt=\"BannerFetch\" width=\"300\" height=\"77\" class=\"aligncenter size-medium wp-image-965\" srcset=\"https:\/\/i0.wp.com\/paulmelian.de\/blog\/wp-content\/uploads\/2015\/05\/BannerFetch.jpg?resize=300%2C77&amp;ssl=1 300w, https:\/\/i0.wp.com\/paulmelian.de\/blog\/wp-content\/uploads\/2015\/05\/BannerFetch.jpg?w=970&amp;ssl=1 970w\" sizes=\"auto, (max-width: 300px) 100vw, 300px\" \/><\/a><\/p>\n","protected":false},"excerpt":{"rendered":"<p>Agen\u0163ia Rom\u00e2n\u0103 de Pres\u0103 (pentru neini\u0163ia\u0163i: \u0103\u015ftia sunt cei care ne livreaz\u0103 &#8222;\u015etiri cu gust&#8221; \u015fi ne invit\u0103 s\u0103 mai invent\u0103m \u015fi noi c\u00e2te ceva &#8222;Actualizeaz\u0103 lumea!&#8221;) ne anun\u0163\u0103 faptul c\u0103 la 16.05.15 va avea loc la T\u00e2rgu Mure\u015f &#8222;Cea &hellip; <a href=\"https:\/\/paulmelian.de\/blog\/?p=964\">Continu\u0103 s\u0103 cite\u0219ti <span class=\"meta-nav\">&rarr;<\/span><\/a><\/p>\n","protected":false},"author":1,"featured_media":0,"comment_status":"open","ping_status":"open","sticky":false,"template":"","format":"standard","meta":{"ngg_post_thumbnail":0,"jetpack_post_was_ever_published":false,"_jetpack_newsletter_access":"","_jetpack_dont_email_post_to_subs":false,"_jetpack_newsletter_tier_id":0,"_jetpack_memberships_contains_paywalled_content":false,"_jetpack_memberships_contains_paid_content":false,"footnotes":"","jetpack_publicize_message":"","jetpack_publicize_feature_enabled":true,"jetpack_social_post_already_shared":false,"jetpack_social_options":{"image_generator_settings":{"template":"highway","default_image_id":0,"font":"","enabled":false},"version":2}},"categories":[8,6,14,19],"tags":[],"class_list":["post-964","post","type-post","status-publish","format-standard","hentry","category-general","category-borituri","category-oameni","category-romania-in-lume"],"jetpack_publicize_connections":[],"jetpack_featured_media_url":"","jetpack_sharing_enabled":true,"jetpack_shortlink":"https:\/\/wp.me\/p9mZDH-fy","jetpack_likes_enabled":true,"jetpack-related-posts":[{"id":139,"url":"https:\/\/paulmelian.de\/blog\/?p=139","url_meta":{"origin":964,"position":0},"title":"Bor\u015f cu \u015ftiri","author":"Mihai","date":"30 august 2013","format":false,"excerpt":"TVR ne informeaz\u0103 pe site-ul s\u0103u care sunt pronosticurile specialistelor de fotbal Ligia Munteanu*, Alina Stancu*, Oana Dobrescu*, Dorina Florea* \u015fi Cristina Soare* \u00een privin\u0163a rezultatului meciului Bayern M\u00fcnchen - Chelsea. Ca \u015fi cum asta n-ar fi o \u015ftire \u00eendeajuns de idioat\u0103, autorul textului mai creeaz\u0103 \u00een treac\u0103t \u015fi cuv\u00e2ntul\u2026","rel":"","context":"\u00cen \u201eGeneral\u201d","block_context":{"text":"General","link":"https:\/\/paulmelian.de\/blog\/?cat=8"},"img":{"alt_text":"","src":"","width":0,"height":0},"classes":[]},{"id":764,"url":"https:\/\/paulmelian.de\/blog\/?p=764","url_meta":{"origin":964,"position":1},"title":"Telecomunica\u0163ii pe rom\u00e2ne\u015fte","author":"Mihai","date":"28 februarie 2015","format":false,"excerpt":"Cu ocazia unui articol de pe platforma contributors.ro m-am sim\u0163it provocat s\u0103 scriu ni\u015fte comentarii \u015fi, totodat\u0103, s\u0103 dezgrop ni\u015fte poze mai vechi, care nu \u015fi-au pierdut \u00eens\u0103 de loc actualitatea. Concluzia din articolul citat \u015fi din comentariul autorului (v\u0103 las s\u0103 ghici\u0163i dac\u0103 mi-o \u00eensu\u015fesc \u015fi eu) ar fi\u2026","rel":"","context":"\u00cen \u201eDeutsche Erinnerungen \/ Amintiri din Germania\u201d","block_context":{"text":"Deutsche Erinnerungen \/ Amintiri din Germania","link":"https:\/\/paulmelian.de\/blog\/?cat=2"},"img":{"alt_text":"","src":"","width":0,"height":0},"classes":[]},{"id":2188,"url":"https:\/\/paulmelian.de\/blog\/?p=2188","url_meta":{"origin":964,"position":2},"title":"Despre teribilism \u015fi teribili\u015fti","author":"Mihai","date":"28 octombrie 2017","format":false,"excerpt":"Dex ne ofer\u0103 ca etimologie a cuv\u00e2ntului \"teribilism\" urm\u0103toarele: teribil + suf. -ism ceea ce ne conduce, indirect, la francez\u0103. Dic\u0163ionarele de neologisme DN \u015fi MDN men\u0163ioneaz\u0103 \u00eens\u0103 \u00een mod direct \"filiera francez\u0103\" prin cuv\u00e2ntul \"terribilisme\", ceea ce este doar \u00een parte adev\u0103rat. \u00cen spa\u0163iul cultural francez (\u015fi anglo-saxon) vom\u2026","rel":"","context":"\u00cen \u201eDeutsche Erinnerungen \/ Amintiri din Germania\u201d","block_context":{"text":"Deutsche Erinnerungen \/ Amintiri din Germania","link":"https:\/\/paulmelian.de\/blog\/?cat=2"},"img":{"alt_text":"","src":"","width":0,"height":0},"classes":[]},{"id":5393,"url":"https:\/\/paulmelian.de\/blog\/?p=5393","url_meta":{"origin":964,"position":3},"title":"Infrastruktur \/ Infrastructur\u0103","author":"Mihai","date":"22 noiembrie 2020","format":false,"excerpt":"Von einer deutschen \u00dcbersetzung dieses Textes habe ich abgesehen: der deutsche Leser w\u00fcrde ihn ohnehin nicht verstehen k\u00f6nnen, das ist schlicht eine andere Welt. Vielleicht kann er sich durch die Bilder einen Eindruck machen, worum es geht. === Au trecut vreo cinci ani de c\u00e2nd m-am enervat citind un articol\u2026","rel":"","context":"\u00cen \u201eGeneral\u201d","block_context":{"text":"General","link":"https:\/\/paulmelian.de\/blog\/?cat=8"},"img":{"alt_text":"","src":"https:\/\/i0.wp.com\/paulmelian.de\/blog\/wp-content\/uploads\/2020\/03\/Pana-curent-300x169.jpg?resize=350%2C200","width":350,"height":200},"classes":[]},{"id":5957,"url":"https:\/\/paulmelian.de\/blog\/?p=5957","url_meta":{"origin":964,"position":4},"title":"Concluzii biblice","author":"Mihai","date":"29 iunie 2021","format":false,"excerpt":"La toat\u0103 discu\u0163ia \u00eenfierb\u00e2ntat\u0103 din ziua de azi privind homosexualitatea, \u0163in\u00e2nd cont \u015fi de faptul c\u0103 cei mai \u00eend\u00e2rji\u0163i adversari ai dezincrimin\u0103rii LGBT sunt \"cre\u015ftini\", mi-am zis c\u0103 n-ar strica s\u0103 m\u0103 informez un pic asupra a ceea ce ne spune \u00een aceast\u0103 privin\u0163\u0103 Biblia. (Nu v\u0103 a\u015ftepta\u0163i la o\u2026","rel":"","context":"\u00cen \u201eGeneral\u201d","block_context":{"text":"General","link":"https:\/\/paulmelian.de\/blog\/?cat=8"},"img":{"alt_text":"","src":"https:\/\/i0.wp.com\/paulmelian.de\/blog\/wp-content\/uploads\/2021\/06\/strafender_gott-300x145.jpg?resize=350%2C200","width":350,"height":200},"classes":[]},{"id":129,"url":"https:\/\/paulmelian.de\/blog\/?p=129","url_meta":{"origin":964,"position":5},"title":"Cum ne facem \u0163ara de r\u00e2sFifty ways to live Yourope","author":"Mihai","date":"2 martie 2013","format":false,"excerpt":"\u00cencep cu \u201cbagatele\u201d. La Aeroportul International de la Cluj, dup\u0103 ce te-ai dezbr\u0103cat p\u00e2n\u0103 la c\u0103ma\u015f\u0103, \u0163i-ai scos centura \u015fi \u0163i-ai golit buzunarele, mai trebuie adesea s\u0103 te \u015fi descal\u0163i. \u00cen acest caz, umbli cu picioarele goale prin mizeria de pe jos, deoarece automatul care debiteaz\u0103 boto\u015feii de plastic \u00ee\u0163i\u2026","rel":"","context":"\u00cen \u201eGeneral\u201d","block_context":{"text":"General","link":"https:\/\/paulmelian.de\/blog\/?cat=8"},"img":{"alt_text":"","src":"","width":0,"height":0},"classes":[]}],"post_mailing_queue_ids":[],"_links":{"self":[{"href":"https:\/\/paulmelian.de\/blog\/index.php?rest_route=\/wp\/v2\/posts\/964","targetHints":{"allow":["GET"]}}],"collection":[{"href":"https:\/\/paulmelian.de\/blog\/index.php?rest_route=\/wp\/v2\/posts"}],"about":[{"href":"https:\/\/paulmelian.de\/blog\/index.php?rest_route=\/wp\/v2\/types\/post"}],"author":[{"embeddable":true,"href":"https:\/\/paulmelian.de\/blog\/index.php?rest_route=\/wp\/v2\/users\/1"}],"replies":[{"embeddable":true,"href":"https:\/\/paulmelian.de\/blog\/index.php?rest_route=%2Fwp%2Fv2%2Fcomments&post=964"}],"version-history":[{"count":4,"href":"https:\/\/paulmelian.de\/blog\/index.php?rest_route=\/wp\/v2\/posts\/964\/revisions"}],"predecessor-version":[{"id":969,"href":"https:\/\/paulmelian.de\/blog\/index.php?rest_route=\/wp\/v2\/posts\/964\/revisions\/969"}],"wp:attachment":[{"href":"https:\/\/paulmelian.de\/blog\/index.php?rest_route=%2Fwp%2Fv2%2Fmedia&parent=964"}],"wp:term":[{"taxonomy":"category","embeddable":true,"href":"https:\/\/paulmelian.de\/blog\/index.php?rest_route=%2Fwp%2Fv2%2Fcategories&post=964"},{"taxonomy":"post_tag","embeddable":true,"href":"https:\/\/paulmelian.de\/blog\/index.php?rest_route=%2Fwp%2Fv2%2Ftags&post=964"}],"curies":[{"name":"wp","href":"https:\/\/api.w.org\/{rel}","templated":true}]}}