{"id":971,"date":"2015-05-28T13:57:01","date_gmt":"2015-05-28T11:57:01","guid":{"rendered":"http:\/\/paulmelian.de\/blog\/?p=971"},"modified":"2015-05-28T13:57:01","modified_gmt":"2015-05-28T11:57:01","slug":"patrupezi-nazdravani","status":"publish","type":"post","link":"https:\/\/paulmelian.de\/blog\/?p=971","title":{"rendered":"Patrupezi n\u0103zdr\u0103vani"},"content":{"rendered":"<p>Dup\u0103 cum se pare, to\u0163i c\u00e2inii pe care i-am crescut noi au avut cele mai n\u0103stru\u015fnice \u00eensu\u015firi. La ultimii trei (Rita, Carlos \u015fi Baloo) pare s\u0103 existe o contaminare cu gene de capr\u0103&#8230;<br \/>\n<a href=\"https:\/\/i0.wp.com\/paulmelian.de\/blog\/wp-content\/uploads\/2015\/05\/Dsc03593bb.jpg\"><img data-recalc-dims=\"1\" loading=\"lazy\" decoding=\"async\" data-attachment-id=\"973\" data-permalink=\"https:\/\/paulmelian.de\/blog\/?attachment_id=973\" data-orig-file=\"https:\/\/i0.wp.com\/paulmelian.de\/blog\/wp-content\/uploads\/2015\/05\/Dsc03593bb.jpg?fit=1000%2C1256&amp;ssl=1\" data-orig-size=\"1000,1256\" data-comments-opened=\"1\" data-image-meta=\"{&quot;aperture&quot;:&quot;0&quot;,&quot;credit&quot;:&quot;&quot;,&quot;camera&quot;:&quot;&quot;,&quot;caption&quot;:&quot;&quot;,&quot;created_timestamp&quot;:&quot;0&quot;,&quot;copyright&quot;:&quot;&quot;,&quot;focal_length&quot;:&quot;0&quot;,&quot;iso&quot;:&quot;0&quot;,&quot;shutter_speed&quot;:&quot;0&quot;,&quot;title&quot;:&quot;&quot;,&quot;orientation&quot;:&quot;0&quot;}\" data-image-title=\"Dsc03593bb\" data-image-description=\"\" data-image-caption=\"\" data-large-file=\"https:\/\/i0.wp.com\/paulmelian.de\/blog\/wp-content\/uploads\/2015\/05\/Dsc03593bb.jpg?fit=640%2C804&amp;ssl=1\" src=\"https:\/\/i0.wp.com\/paulmelian.de\/blog\/wp-content\/uploads\/2015\/05\/Dsc03593bb-239x300.jpg?resize=239%2C300\" alt=\"Dsc03593bb\" width=\"239\" height=\"300\" class=\"aligncenter size-medium wp-image-973\" srcset=\"https:\/\/i0.wp.com\/paulmelian.de\/blog\/wp-content\/uploads\/2015\/05\/Dsc03593bb.jpg?resize=239%2C300&amp;ssl=1 239w, https:\/\/i0.wp.com\/paulmelian.de\/blog\/wp-content\/uploads\/2015\/05\/Dsc03593bb.jpg?resize=815%2C1024&amp;ssl=1 815w, https:\/\/i0.wp.com\/paulmelian.de\/blog\/wp-content\/uploads\/2015\/05\/Dsc03593bb.jpg?w=1000&amp;ssl=1 1000w\" sizes=\"auto, (max-width: 239px) 100vw, 239px\" \/><\/a><\/p>\n<p>Vezi \u015fi <a href=\"http:\/\/vladeasa.eu\/blog\/?p=1201\">aici<\/a>.<\/p>\n","protected":false},"excerpt":{"rendered":"<p>Dup\u0103 cum se pare, to\u0163i c\u00e2inii pe care i-am crescut noi au avut cele mai n\u0103stru\u015fnice \u00eensu\u015firi. La ultimii trei (Rita, Carlos \u015fi Baloo) pare s\u0103 existe o contaminare cu gene de capr\u0103&#8230; Vezi \u015fi aici.<\/p>\n","protected":false},"author":1,"featured_media":0,"comment_status":"open","ping_status":"open","sticky":false,"template":"","format":"standard","meta":{"ngg_post_thumbnail":0,"jetpack_post_was_ever_published":false,"_jetpack_newsletter_access":"","_jetpack_dont_email_post_to_subs":false,"_jetpack_newsletter_tier_id":0,"_jetpack_memberships_contains_paywalled_content":false,"_jetpack_memberships_contains_paid_content":false,"footnotes":"","jetpack_publicize_message":"","jetpack_publicize_feature_enabled":true,"jetpack_social_post_already_shared":false,"jetpack_social_options":{"image_generator_settings":{"template":"highway","default_image_id":0,"font":"","enabled":false},"version":2}},"categories":[8,15],"tags":[],"class_list":["post-971","post","type-post","status-publish","format-standard","hentry","category-general","category-patrupezi"],"jetpack_publicize_connections":[],"jetpack_featured_media_url":"","jetpack_sharing_enabled":true,"jetpack_shortlink":"https:\/\/wp.me\/p9mZDH-fF","jetpack_likes_enabled":true,"jetpack-related-posts":[{"id":919,"url":"https:\/\/paulmelian.de\/blog\/?p=919","url_meta":{"origin":971,"position":0},"title":"Patrupezi","author":"Mihai","date":"20 martie 2015","format":false,"excerpt":"Pentru cei c\u0103rora li se pare c\u0103 am cam neglijat \u00een ultimul timp aceast\u0103 rubric\u0103 dedicat\u0103 fiin\u0163elor bl\u0103noase, o informa\u0163ie util\u0103.","rel":"","context":"\u00cen \u201eGeneral\u201d","block_context":{"text":"General","link":"https:\/\/paulmelian.de\/blog\/?cat=8"},"img":{"alt_text":"Dsc03417a","src":"https:\/\/i0.wp.com\/paulmelian.de\/blog\/wp-content\/uploads\/2015\/03\/Dsc03417a-300x233.jpg?resize=350%2C200","width":350,"height":200},"classes":[]},{"id":81,"url":"https:\/\/paulmelian.de\/blog\/?p=81","url_meta":{"origin":971,"position":1},"title":"Rom\u00e2nul \u015fi dragostea pentru animale: jaloane istorice","author":"Mihai","date":"4 februarie 2012","format":false,"excerpt":"Pe vremea \u201eodiosului dictator\u201d \u015fi a \u201esinistrei sale so\u0163ii\u201d (v\u0103 mai aminti\u0163i?), nu prea existau animale domestice libere, pentru c\u0103 ele nu suportau ordinea. (Cu alte cuvinte: mureau \u015fi oamenii de foame, d-apoi c\u00e2inii f\u0103r\u0103 st\u0103p\u00e2n!) \u00cendat\u0103 dup\u0103 revolu\u0163ie, libertatea c\u00e2\u015ftigat\u0103 de oameni a fost acordat\u0103 cu generozitate \u015fi animalelor:\u2026","rel":"","context":"\u00cen \u201eGeneral\u201d","block_context":{"text":"General","link":"https:\/\/paulmelian.de\/blog\/?cat=8"},"img":{"alt_text":"","src":"","width":0,"height":0},"classes":[]},{"id":6499,"url":"https:\/\/paulmelian.de\/blog\/?p=6499","url_meta":{"origin":971,"position":2},"title":"\u00cenc\u0103 o nedumerire","author":"Mihai","date":"13 august 2023","format":false,"excerpt":"Oare Andrei Vieru \u0103sta o fi chiar vier? C\u0103 mie dup\u0103 mutr\u0103 mi se pare mai degrab\u0103 vier.","rel":"","context":"\u00cen \u201eGeneral\u201d","block_context":{"text":"General","link":"https:\/\/paulmelian.de\/blog\/?cat=8"},"img":{"alt_text":"","src":"https:\/\/i0.wp.com\/paulmelian.de\/blog\/wp-content\/uploads\/2023\/08\/Vieru-199x300.jpg?resize=350%2C200&ssl=1","width":350,"height":200},"classes":[]},{"id":271,"url":"https:\/\/paulmelian.de\/blog\/?p=271","url_meta":{"origin":971,"position":3},"title":"S\u0103 m\u00e2ng\u00e2i o cizm\u0103\u2026 pe din\u0103untru","author":"Mihai","date":"27 decembrie 2014","format":false,"excerpt":"Vera s-a \u00eentors din Germania tocmai \u00een ajunul Cr\u0103ciunului. Ieri diminea\u0163a \u00eei d\u0103deam raportul asupra celor \u00eent\u00e2mplate \u00eentre timp. \u201cMi-am cump\u0103rat ni\u015fte cizme de cauciuc\u201d povestesc eu, printre altele. \u201eAproape negre, de data asta. \u00cen \u0103lea galbene \u00eemi intra apa, probabil am c\u0103lcat \u00een lemn\u0103rie \u00eentr-un cui.\u201c \u201eP\u0103i \u015ftiu\u201c zice\u2026","rel":"","context":"\u00cen \u201eGeneral\u201d","block_context":{"text":"General","link":"https:\/\/paulmelian.de\/blog\/?cat=8"},"img":{"alt_text":"","src":"","width":0,"height":0},"classes":[]},{"id":150,"url":"https:\/\/paulmelian.de\/blog\/?p=150","url_meta":{"origin":971,"position":4},"title":"M\u0103garul \u015fi cea\u0163a","author":"Mihai","date":"15 noiembrie 2013","format":false,"excerpt":"Ce vreme, domnule... \u00ee\u0163i vine s\u0103 dispari.","rel":"","context":"\u00cen \u201eGeneral\u201d","block_context":{"text":"General","link":"https:\/\/paulmelian.de\/blog\/?cat=8"},"img":{"alt_text":"","src":"","width":0,"height":0},"classes":[]},{"id":92,"url":"https:\/\/paulmelian.de\/blog\/?p=92","url_meta":{"origin":971,"position":5},"title":"Iarn\u0103, domnule! S\u0103 nu dai un c\u00e2ine afar\u0103 din cas\u0103!","author":"Mihai","date":"29 februarie 2012","format":false,"excerpt":"C\u00e2inii no\u015ftri dorm oricum \u00een cas\u0103. Ba uneori se mai strecoar\u0103 noaptea c\u00e2te unul \u015fi \u00een pat, de sperie pisica...","rel":"","context":"\u00cen \u201eGeneral\u201d","block_context":{"text":"General","link":"https:\/\/paulmelian.de\/blog\/?cat=8"},"img":{"alt_text":"","src":"wp-content\/uploads\/2012\/02\/schnee1-300x225.jpg","width":350,"height":200},"classes":[]}],"post_mailing_queue_ids":[],"_links":{"self":[{"href":"https:\/\/paulmelian.de\/blog\/index.php?rest_route=\/wp\/v2\/posts\/971","targetHints":{"allow":["GET"]}}],"collection":[{"href":"https:\/\/paulmelian.de\/blog\/index.php?rest_route=\/wp\/v2\/posts"}],"about":[{"href":"https:\/\/paulmelian.de\/blog\/index.php?rest_route=\/wp\/v2\/types\/post"}],"author":[{"embeddable":true,"href":"https:\/\/paulmelian.de\/blog\/index.php?rest_route=\/wp\/v2\/users\/1"}],"replies":[{"embeddable":true,"href":"https:\/\/paulmelian.de\/blog\/index.php?rest_route=%2Fwp%2Fv2%2Fcomments&post=971"}],"version-history":[{"count":2,"href":"https:\/\/paulmelian.de\/blog\/index.php?rest_route=\/wp\/v2\/posts\/971\/revisions"}],"predecessor-version":[{"id":975,"href":"https:\/\/paulmelian.de\/blog\/index.php?rest_route=\/wp\/v2\/posts\/971\/revisions\/975"}],"wp:attachment":[{"href":"https:\/\/paulmelian.de\/blog\/index.php?rest_route=%2Fwp%2Fv2%2Fmedia&parent=971"}],"wp:term":[{"taxonomy":"category","embeddable":true,"href":"https:\/\/paulmelian.de\/blog\/index.php?rest_route=%2Fwp%2Fv2%2Fcategories&post=971"},{"taxonomy":"post_tag","embeddable":true,"href":"https:\/\/paulmelian.de\/blog\/index.php?rest_route=%2Fwp%2Fv2%2Ftags&post=971"}],"curies":[{"name":"wp","href":"https:\/\/api.w.org\/{rel}","templated":true}]}}