{"id":992,"date":"2015-06-07T17:46:24","date_gmt":"2015-06-07T15:46:24","guid":{"rendered":"http:\/\/paulmelian.de\/blog\/?p=992"},"modified":"2015-06-07T17:46:24","modified_gmt":"2015-06-07T15:46:24","slug":"nu-ma-pot-abtine","status":"publish","type":"post","link":"https:\/\/paulmelian.de\/blog\/?p=992","title":{"rendered":"Nu m\u0103 pot ab\u0163ine"},"content":{"rendered":"<p>Poate v\u0103 mai aminti\u0163i de campania electoral\u0103 din 2012 \u015fi de postarea mea <a href=\"http:\/\/paulmelian.de\/blog\/?p=115\">Frunz\u0103 verde maz\u0103re<\/a>. Propagandi\u015ftii electorali ai USL, care invadau satele ca un stol de l\u0103custe, erau acompania\u0163i de un c\u00e2ntecel pe muzica din &#8222;Zece negri mititei&#8221;, care se rev\u0103rsa din megafoane:<\/p>\n<blockquote><p><small>La Palatul Cotroceni<br \/>\nC\u00e2nt\u0103 cucuveaua<br \/>\nC\u0103 B\u0103sescu \u015fi ai lui<br \/>\n\u015ei-au g\u0103sit damblaua.<\/small><\/p><\/blockquote>\n<p>Haide s\u0103-i imit\u0103m pu\u0163in:<\/p>\n<blockquote><p><small>La Palat la Parlament<br \/>\nC\u00e2nt\u0103 cucuveaua<br \/>\nC\u0103 pe Ponta \u015fi p-ai lui<br \/>\nI-a lovit damblaua.<\/small><\/p><\/blockquote>\n<p>&nbsp;<\/p>\n","protected":false},"excerpt":{"rendered":"<p>Poate v\u0103 mai aminti\u0163i de campania electoral\u0103 din 2012 \u015fi de postarea mea Frunz\u0103 verde maz\u0103re. Propagandi\u015ftii electorali ai USL, care invadau satele ca un stol de l\u0103custe, erau acompania\u0163i de un c\u00e2ntecel pe muzica din &#8222;Zece negri mititei&#8221;, care &hellip; <a href=\"https:\/\/paulmelian.de\/blog\/?p=992\">Continu\u0103 s\u0103 cite\u0219ti <span class=\"meta-nav\">&rarr;<\/span><\/a><\/p>\n","protected":false},"author":1,"featured_media":0,"comment_status":"open","ping_status":"open","sticky":false,"template":"","format":"standard","meta":{"ngg_post_thumbnail":0,"jetpack_post_was_ever_published":false,"_jetpack_newsletter_access":"","_jetpack_dont_email_post_to_subs":false,"_jetpack_newsletter_tier_id":0,"_jetpack_memberships_contains_paywalled_content":false,"_jetpack_memberships_contains_paid_content":false,"footnotes":"","jetpack_publicize_message":"","jetpack_publicize_feature_enabled":true,"jetpack_social_post_already_shared":false,"jetpack_social_options":{"image_generator_settings":{"template":"highway","default_image_id":0,"font":"","enabled":false},"version":2}},"categories":[8,6,14,17,19,15],"tags":[],"class_list":["post-992","post","type-post","status-publish","format-standard","hentry","category-general","category-borituri","category-oameni","category-politica","category-romania-in-lume","category-patrupezi"],"jetpack_publicize_connections":[],"jetpack_featured_media_url":"","jetpack_sharing_enabled":true,"jetpack_shortlink":"https:\/\/wp.me\/p9mZDH-g0","jetpack_likes_enabled":true,"jetpack-related-posts":[{"id":6011,"url":"https:\/\/paulmelian.de\/blog\/?p=6011","url_meta":{"origin":992,"position":0},"title":"Cui \u00eei c\u00e2nt\u0103 cucuveaua","author":"Mihai","date":"21 octombrie 2021","format":false,"excerpt":"Pe vremuri, c\u00e2nd adep\u0163i ai PSD intonau, cu ocazia alegerilor, pe muzica din \"Zece negri mititei\", c\u00e2ntecelul amintit aici, speram totu\u015fi, c\u0103 oarec\u00e2nd vor veni \u015fi vremuri mai bune. Aiurea. Ajunge s\u0103 \u00eenlocuim numele lui B\u0103sescu prin cel al lui Iohannis, \u015fi PSD prin PNL, ca s\u0103 ne l\u0103murim cum\u2026","rel":"","context":"\u00cen \u201eGeneral\u201d","block_context":{"text":"General","link":"https:\/\/paulmelian.de\/blog\/?cat=8"},"img":{"alt_text":"","src":"https:\/\/i0.wp.com\/paulmelian.de\/blog\/wp-content\/uploads\/2021\/10\/cucuvea-300x225.jpg?resize=350%2C200","width":350,"height":200},"classes":[]},{"id":115,"url":"https:\/\/paulmelian.de\/blog\/?p=115","url_meta":{"origin":992,"position":1},"title":"Frunz\u0103 Verde Maz\u0103re","author":"Mihai","date":"30 mai 2012","format":false,"excerpt":"Ieri dup\u0103 mas\u0103, lini\u015ftea satului s-a dus pe apa s\u00e2mbetii. T\u0103r\u0103boiul, care se apropia treptat, a \u00eenceput cu muzic\u0103 popular\u0103 (d-aia a la C\u00e2ntarea Rom\u00e2niei), urmat\u0103 de ni\u015fte strig\u0103turi pe care la \u00eenceput nu le puteam \u00een\u0163elege. C\u00e2inii no\u015ftri, bucuro\u015fi de orice noutate, \u015fi-au adunat ciolanele care de pe unde,\u2026","rel":"","context":"\u00cen \u201eGeneral\u201d","block_context":{"text":"General","link":"https:\/\/paulmelian.de\/blog\/?cat=8"},"img":{"alt_text":"","src":"","width":0,"height":0},"classes":[]},{"id":107,"url":"https:\/\/paulmelian.de\/blog\/?p=107","url_meta":{"origin":992,"position":2},"title":"The Bach Family","author":"Mihai","date":"1 martie 2012","format":false,"excerpt":"Mar\u0163i diminea\u0163a, \u00eenainte de a \u00eencepe conferin\u0163a, partenerul meu de cooperare din Graz m\u0103 \u00eentreab\u0103 dac\u0103 nu am chef s\u0103 merg seara la un concert de muzic\u0103 clasic\u0103. Amator \u00eenr\u0103it de jazz-rock cum sunt, nu prea \u00eemi d\u0103dea inima ghes. \u015etiam \u00eens\u0103 c\u0103 so\u0163ia sa c\u00e2nt\u0103 \u00een orchestr\u0103 la flaut,\u2026","rel":"","context":"\u00cen \u201eGeneral\u201d","block_context":{"text":"General","link":"https:\/\/paulmelian.de\/blog\/?cat=8"},"img":{"alt_text":"","src":"wp-content\/uploads\/2012\/03\/scannen-296x300.jpg","width":350,"height":200},"classes":[]},{"id":184,"url":"https:\/\/paulmelian.de\/blog\/?p=184","url_meta":{"origin":992,"position":3},"title":"Mafyotu sa dus la nunta lu Figaro","author":"StelyStu Mafyot","date":"28 ianuarie 2014","format":false,"excerpt":"Autor: $tely$tu Mafyot deci numai pot de nervi la ce rai si tepari sau facut oameni dela noi deaicea pe zona uite ceam patit zic sa stie lumea sa nu faca ca mine deci ma suna niste tovarasi care iam cunoscut la noi la peluza a fost la meciu care\u2026","rel":"","context":"\u00cen \u201eCol\u0163u' manelomanului\u201d","block_context":{"text":"Col\u0163u' manelomanului","link":"https:\/\/paulmelian.de\/blog\/?cat=7"},"img":{"alt_text":"","src":"","width":0,"height":0},"classes":[]},{"id":182,"url":"https:\/\/paulmelian.de\/blog\/?p=182","url_meta":{"origin":992,"position":4},"title":"Adio, Ca\u0163avencilor. Sunte\u0163i pe lista mea neagr\u0103.","author":"Mihai","date":"23 ianuarie 2014","format":false,"excerpt":"Autor: Mihai De fiecare dat\u0103 c\u00e2nd apare c\u00e2te un caz mai r\u0103sun\u0103tor de dare \u015fi luare de \u015fpag\u0103, plebea \u00eencepe s\u0103 urle. De mass media nici nu mai vorbesc. Unii url\u0103 de indignare, dup\u0103 tipicul: \u201eUnde-am ajuns, dac\u0103 p\u00e2n\u0103 \u015fi \u0103\u015ftia au \u00eenceput s\u0103 ia \u015fpag\u0103!\u201c, \u00een timp ce ceilal\u0163i\u2026","rel":"","context":"\u00cen \u201eGeneral\u201d","block_context":{"text":"General","link":"https:\/\/paulmelian.de\/blog\/?cat=8"},"img":{"alt_text":"","src":"","width":0,"height":0},"classes":[]},{"id":265,"url":"https:\/\/paulmelian.de\/blog\/?p=265","url_meta":{"origin":992,"position":5},"title":"VINE SARBATORILE","author":"StelyStu Mafyot","date":"4 decembrie 2014","format":false,"excerpt":"vine sarbatorile care sarbatoreste nasterea domnului uite aproape ca sa terminat si anu asta si ancepe nou an care vine deci abea astept casai ascult pe colindatorii si casa punem cele cuvenite pe masa cum e obiceiele si traditile noastre la romani sase anfrupte tuata familia cu bucatele care se\u2026","rel":"","context":"\u00cen \u201eCol\u0163u' manelomanului\u201d","block_context":{"text":"Col\u0163u' manelomanului","link":"https:\/\/paulmelian.de\/blog\/?cat=7"},"img":{"alt_text":"","src":"","width":0,"height":0},"classes":[]}],"post_mailing_queue_ids":[],"_links":{"self":[{"href":"https:\/\/paulmelian.de\/blog\/index.php?rest_route=\/wp\/v2\/posts\/992","targetHints":{"allow":["GET"]}}],"collection":[{"href":"https:\/\/paulmelian.de\/blog\/index.php?rest_route=\/wp\/v2\/posts"}],"about":[{"href":"https:\/\/paulmelian.de\/blog\/index.php?rest_route=\/wp\/v2\/types\/post"}],"author":[{"embeddable":true,"href":"https:\/\/paulmelian.de\/blog\/index.php?rest_route=\/wp\/v2\/users\/1"}],"replies":[{"embeddable":true,"href":"https:\/\/paulmelian.de\/blog\/index.php?rest_route=%2Fwp%2Fv2%2Fcomments&post=992"}],"version-history":[{"count":3,"href":"https:\/\/paulmelian.de\/blog\/index.php?rest_route=\/wp\/v2\/posts\/992\/revisions"}],"predecessor-version":[{"id":996,"href":"https:\/\/paulmelian.de\/blog\/index.php?rest_route=\/wp\/v2\/posts\/992\/revisions\/996"}],"wp:attachment":[{"href":"https:\/\/paulmelian.de\/blog\/index.php?rest_route=%2Fwp%2Fv2%2Fmedia&parent=992"}],"wp:term":[{"taxonomy":"category","embeddable":true,"href":"https:\/\/paulmelian.de\/blog\/index.php?rest_route=%2Fwp%2Fv2%2Fcategories&post=992"},{"taxonomy":"post_tag","embeddable":true,"href":"https:\/\/paulmelian.de\/blog\/index.php?rest_route=%2Fwp%2Fv2%2Ftags&post=992"}],"curies":[{"name":"wp","href":"https:\/\/api.w.org\/{rel}","templated":true}]}}